{"id":11893,"date":"2025-02-18T16:11:24","date_gmt":"2025-02-18T21:11:24","guid":{"rendered":"https:\/\/tribu.co\/?p=11893"},"modified":"2025-03-05T14:55:49","modified_gmt":"2025-03-05T19:55:49","slug":"est-ce-que-le-sport-est-egalitaire","status":"publish","type":"post","link":"https:\/\/tribu.co\/fr\/est-ce-que-le-sport-est-egalitaire\/","title":{"rendered":"Est-ce que le sport est \u00e9galitaire?"},"content":{"rendered":"<section block class=\"b-text\" data-watch>\n\t<div class=\"container-narrow container--align-left\">\n\t\t<div class=\"b-text-content wysiwyg wysiwyg--text\">\n\t\t\t<h3 style=\"text-align: center;\">Malheureusement, la r\u00e9ponse \u00e0 cette question est <strong>NON<\/strong>. Il serait facile de penser qu&#8217;en ce moment, tout va dans le bon sens : les JO de Paris 2024 \u00e9taient paritaires, Montr\u00e9al lance son \u00e9quipe f\u00e9minine de soccer au printemps 2025, et les femmes cl\u00f4turent les <a href=\"https:\/\/www.instagram.com\/xgames\/?hl=en\">X Games<\/a>\u2026 Mais des iniquit\u00e9s flagrantes subsistent, et le sport masculin est encore per\u00e7u comme sup\u00e9rieur au sport f\u00e9minin.<\/h3>\n<p style=\"text-align: center;\">Nous aussi, nous avons \u00e9t\u00e9 surpris! En tant qu\u2019organisateur d\u2019\u00e9v\u00e9nements sportifs depuis plus de 10 ans, nous avons \u00e9t\u00e9 t\u00e9moins de progr\u00e8s et sommes fiers d\u2019avoir introduit des bourses \u00e9galitaires depuis 2017. Mais ce n\u2019est qu\u2019un d\u00e9but! Ce probl\u00e8me est bien plus vaste qu\u2019il ne para\u00eet, et nous en avons mesur\u00e9 toute l\u2019ampleur gr\u00e2ce \u00e0 l\u2019opportunit\u00e9 offerte par T\u00e9l\u00e9-Qu\u00e9bec de creuser le sujet et d\u2019en faire un documentaire. Cette exp\u00e9rience a \u00e9t\u00e9 un v\u00e9ritable \u2018\u2019wake up call\u2019\u2019, et nous croyons qu\u2019en diffusant des informations cl\u00e9s, chacun peut participer au changement de dynamiques profond\u00e9ment ancr\u00e9es dans notre soci\u00e9t\u00e9.<\/p>\n<p><img loading=\"lazy\" decoding=\"async\" class=\"aligncenter wp-image-11733 size-full\" src=\"https:\/\/tribu.co\/app\/uploads\/2024\/11\/DanMathieu_240714_Jackalope-06176-scaled.jpeg\" alt=\"\" width=\"1707\" height=\"2560\" srcset=\"https:\/\/tribu.co\/wp-content\/uploads\/2024\/11\/DanMathieu_240714_Jackalope-06176-scaled.jpeg 1707w, https:\/\/tribu.co\/wp-content\/uploads\/2024\/11\/DanMathieu_240714_Jackalope-06176-200x300.jpeg 200w, https:\/\/tribu.co\/wp-content\/uploads\/2024\/11\/DanMathieu_240714_Jackalope-06176-683x1024.jpeg 683w, https:\/\/tribu.co\/wp-content\/uploads\/2024\/11\/DanMathieu_240714_Jackalope-06176-768x1152.jpeg 768w, https:\/\/tribu.co\/wp-content\/uploads\/2024\/11\/DanMathieu_240714_Jackalope-06176-1024x1536.jpeg 1024w, https:\/\/tribu.co\/wp-content\/uploads\/2024\/11\/DanMathieu_240714_Jackalope-06176-1365x2048.jpeg 1365w\" sizes=\"auto, (max-width: 1707px) 100vw, 1707px\" \/><\/p>\n<p style=\"text-align: center;\">Le documentaire Sportives sur l\u2019Adr\u00e9naline sera diffus\u00e9 en mars 2025 et vise \u00e0 ouvrir un dialogue sur les in\u00e9galit\u00e9s hommes-femmes dans le sport. L\u2019objectif est de sensibiliser le public et les acteurs de l&#8217;industrie, y compris les producteurs d&#8217;\u00e9v\u00e9nements comme nous, \u00e0 l&#8217;importance de construire un environnement sportif plus inclusif. Dans cette s\u00e9rie d\u2019articles, nous explorerons des constats, des am\u00e9liorations et des pistes de solutions.<\/p>\n<h3 style=\"text-align: center;\">INTERDICTION DU SPORT AUX FEMMES<\/h3>\n<p style=\"text-align: center;\">Il faut revenir en arri\u00e8re pour comprendre d\u2019o\u00f9 cette in\u00e9galit\u00e9 dans les sports vient. Historiquement, le sport \u00e9tait tout simplement prohib\u00e9 aux femmes. Dans les ann\u00e9es 1800, on interdisait aux femmes l\u2019activit\u00e9 physique car selon les m\u00e9decins de l\u2019\u00e9poque, qui \u00e9taient des hommes car les femmes n\u2019\u00e9taient pas encore m\u00e9decins,<strong> le sport \u00e9tait dangereux pour les femmes<\/strong>. Oui oui\u00a0! Ils consid\u00e9raient qu\u2019elles \u00e9taient de trop faible constitution, que \u00e7a pourrait nuire \u00e0 leur capacit\u00e9 reproductive si importante, et que les muscles, ce n\u2019\u00e9tait tout simplement pas beau pour une femme\u00a0!<\/p>\n<p style=\"text-align: center;\"><img loading=\"lazy\" decoding=\"async\" class=\"aligncenter wp-image-11903 size-full\" src=\"https:\/\/tribu.co\/app\/uploads\/2025\/02\/JACKALOPE-MTL_BOULDERING-scaled.jpg\" alt=\"\" width=\"1708\" height=\"2560\" srcset=\"https:\/\/tribu.co\/wp-content\/uploads\/2025\/02\/JACKALOPE-MTL_BOULDERING-scaled.jpg 1708w, https:\/\/tribu.co\/wp-content\/uploads\/2025\/02\/JACKALOPE-MTL_BOULDERING-200x300.jpg 200w, https:\/\/tribu.co\/wp-content\/uploads\/2025\/02\/JACKALOPE-MTL_BOULDERING-683x1024.jpg 683w, https:\/\/tribu.co\/wp-content\/uploads\/2025\/02\/JACKALOPE-MTL_BOULDERING-768x1151.jpg 768w, https:\/\/tribu.co\/wp-content\/uploads\/2025\/02\/JACKALOPE-MTL_BOULDERING-1025x1536.jpg 1025w, https:\/\/tribu.co\/wp-content\/uploads\/2025\/02\/JACKALOPE-MTL_BOULDERING-1366x2048.jpg 1366w\" sizes=\"auto, (max-width: 1708px) 100vw, 1708px\" \/><br \/>\n\u00c0 l\u2019\u00e9poque, tu ne pouvais pas partir pour un petit jogging. Oh non\u00a0! Oublies \u00e7a faire un marathon. <a href=\"https:\/\/ici.radio-canada.ca\/sports\/special\/podium-kathrine-switzer-marathon-boston-femme\/#:~:text=En%20avril%201967%2C%20c'est,fois%20au%20marathon%20de%20Boston.\">\u00c7a \u00e9t\u00e9 interdit aux femmes jusqu\u2019en 1972<\/a>\u00a0! Alors oui on part de loin. Et oui c\u2019est normal que les femmes aient du temps \u00e0 rattraper au niveau de la performance, car elles n\u2019ont tout simplement pas eu aussi facilement acc\u00e8s au sport. Surtout, les femmes ont int\u00e9rioris\u00e9 qu\u2019elles n\u2019\u00e9taient pas bonnes en sport. Et l\u2019id\u00e9e se perp\u00e9tue de g\u00e9n\u00e9ration en g\u00e9n\u00e9ration. Mais \u00e7a change et \u00e7a va continuer de changer.\u00a0 En tout cas, c\u2019est ce qu\u2019on veut!<\/p>\n<h3 style=\"text-align: center;\">PARLONS CHIFFRES: STATISTIQUE OU CLAQUE DANS FACE?<\/h3>\n<p style=\"text-align: center;\">Quand on parle des m\u00e9dias traditionnels, la visibilit\u00e9 offerte aux femmes dans le sport ne correspond qu\u2019\u00e0 4 \u00e0 6% du temps d\u2019antenne au Canada. Comme le mentionnent certaines de nos protagonistes dans le documentaire: \u2018\u2019<em>C\u2019est rien! Alarmant! Insuffisant<\/em>!\u2019\u2019 Et cette statistique n\u2019a pas boug\u00e9 depuis 1989.<\/p>\n<p>Pourtant la croissance des femmes dans le sport a bel et bien augment\u00e9 en 35 ans\u00a0! Comme le mentionne <a href=\"https:\/\/www.instagram.com\/nnieguglia\/?hl=en\">Annie Guglia<\/a>, l\u2019une des 4 athl\u00e8tes du documentaire: \u2018\u2019<em>Le niveau que j\u2019ai atteint en skateboard c\u2019est loin d\u2019\u00eatre mon potentiel. Je suis s\u00fbre que j\u2019aurais \u00e9t\u00e9 bien meilleure que \u00e7a avoir eu des filles qui poussaient plus haut dans mon temps<\/em>.\u2019\u2019 Comme quoi c\u2019est important d\u2019avoir des mod\u00e8les pour s\u2019en inspirer.<\/p>\n<blockquote class=\"instagram-media\" style=\"background: #FFF; border: 0; border-radius: 3px; box-shadow: 0 0 1px 0 rgba(0,0,0,0.5),0 1px 10px 0 rgba(0,0,0,0.15); margin: 1px; max-width: 540px; min-width: 326px; padding: 0; width: calc(100% - 2px);\" data-instgrm-permalink=\"https:\/\/www.instagram.com\/p\/C32kSVVu3Kd\/?utm_source=ig_embed&amp;utm_campaign=loading\" data-instgrm-version=\"14\">\n<div style=\"padding: 16px;\">\n<p>&nbsp;<\/p>\n<div style=\"display: flex; flex-direction: row; align-items: center;\">\n<div style=\"background-color: #f4f4f4; border-radius: 50%; flex-grow: 0; height: 40px; margin-right: 14px; width: 40px;\"><\/div>\n<div style=\"display: flex; flex-direction: column; flex-grow: 1; justify-content: center;\">\n<div style=\"background-color: #f4f4f4; border-radius: 4px; flex-grow: 0; height: 14px; margin-bottom: 6px; width: 100px;\"><\/div>\n<div style=\"background-color: #f4f4f4; border-radius: 4px; flex-grow: 0; height: 14px; width: 60px;\"><\/div>\n<\/div>\n<\/div>\n<div style=\"padding: 19% 0;\"><\/div>\n<div style=\"display: block; height: 50px; margin: 0 auto 12px; width: 50px;\"><\/div>\n<div style=\"padding-top: 8px;\">\n<div style=\"color: #3897f0; font-family: Arial,sans-serif; font-size: 14px; font-style: normal; font-weight: 550; line-height: 18px;\">Voir cette publication sur Instagram<\/div>\n<\/div>\n<div style=\"padding: 12.5% 0;\"><\/div>\n<div style=\"display: flex; flex-direction: row; margin-bottom: 14px; align-items: center;\">\n<div>\n<div style=\"background-color: #f4f4f4; border-radius: 50%; height: 12.5px; width: 12.5px; transform: translateX(0px) translateY(7px);\"><\/div>\n<div style=\"background-color: #f4f4f4; height: 12.5px; transform: rotate(-45deg) translateX(3px) translateY(1px); width: 12.5px; flex-grow: 0; margin-right: 14px; margin-left: 2px;\"><\/div>\n<div style=\"background-color: #f4f4f4; border-radius: 50%; height: 12.5px; width: 12.5px; transform: translateX(9px) translateY(-18px);\"><\/div>\n<\/div>\n<div style=\"margin-left: 8px;\">\n<div style=\"background-color: #f4f4f4; border-radius: 50%; flex-grow: 0; height: 20px; width: 20px;\"><\/div>\n<div style=\"width: 0; height: 0; border-top: 2px solid transparent; border-left: 6px solid #f4f4f4; border-bottom: 2px solid transparent; transform: translateX(16px) translateY(-4px) rotate(30deg);\"><\/div>\n<\/div>\n<div style=\"margin-left: auto;\">\n<div style=\"width: 0px; border-top: 8px solid #F4F4F4; border-right: 8px solid transparent; transform: translateY(16px);\"><\/div>\n<div style=\"background-color: #f4f4f4; flex-grow: 0; height: 12px; width: 16px; transform: translateY(-4px);\"><\/div>\n<div style=\"width: 0; height: 0; border-top: 8px solid #F4F4F4; border-left: 8px solid transparent; transform: translateY(-4px) translateX(8px);\"><\/div>\n<\/div>\n<\/div>\n<div style=\"display: flex; flex-direction: column; flex-grow: 1; justify-content: center; margin-bottom: 24px;\">\n<div style=\"background-color: #f4f4f4; border-radius: 4px; flex-grow: 0; height: 14px; margin-bottom: 6px; width: 224px;\"><\/div>\n<div style=\"background-color: #f4f4f4; border-radius: 4px; flex-grow: 0; height: 14px; width: 144px;\"><\/div>\n<\/div>\n<p>&nbsp;<\/p>\n<p style=\"color: #c9c8cd; font-family: Arial,sans-serif; font-size: 14px; line-height: 17px; margin-bottom: 0; margin-top: 8px; overflow: hidden; padding: 8px 0 7px; text-align: center; text-overflow: ellipsis; white-space: nowrap;\"><a style=\"color: #c9c8cd; font-family: Arial,sans-serif; font-size: 14px; font-style: normal; font-weight: normal; line-height: 17px; text-decoration: none;\" href=\"https:\/\/www.instagram.com\/p\/C32kSVVu3Kd\/?utm_source=ig_embed&amp;utm_campaign=loading\" target=\"_blank\" rel=\"noopener\">Une publication partag\u00e9e par Annie Guglia (@nnieguglia)<\/a><\/p>\n<\/div>\n<\/blockquote>\n<p><script async src=\"\/\/www.instagram.com\/embed.js\"><\/script><\/p>\n<p style=\"text-align: center;\">M\u00eame que <a href=\"https:\/\/www.instagram.com\/lp_lapresse\/\">La Presse<\/a> publiait en ao\u00fbt dernier un article mentionnant que le public a envie d\u2019entendre plus parler des femmes dans le sport: \u2018\u2019<em>Vous \u00e9tiez nombreux ces derni\u00e8res ann\u00e9es \u00e0 nous reprocher une couverture trop ax\u00e9e sur les athl\u00e8tes masculins<\/em> \u00e9crit Fran\u00e7ois Cardinal, Vice-pr\u00e9sident Information et \u00e9diteur adjoint \u00e0 La Presse. <em>Et vous aviez raison. Par tradition, par habitude, et par manque d\u2019\u00e9quipes professionnelles, disons-le, on couvrait beaucoup les hommes, et peu les femmes<\/em>.\u2019\u2019 D\u2019o\u00f9 l\u2019importance d\u2019investir dans la professionnalisation des femmes dans le sport! On t\u2019en dira plus \u00e0 ce sujet dans un prochain article. (<a href=\"https:\/\/www.lapresse.ca\/actualites\/chroniques\/2024-08-25\/dans-le-calepin-de-l-editeur-adjoint\/tassez-vous-les-gars.php\">Source)<\/a><\/p>\n<p style=\"text-align: center;\">Les salaires, c\u2019est l\u2019in\u00e9galit\u00e9 qui frappe! Selon le <a href=\"https:\/\/www.instagram.com\/forbes\/\">Forbes<\/a> qui dresse la liste des <a href=\"https:\/\/www.forbes.fr\/classements\/classement-les-10-athletes-les-mieux-payes-au-monde-en-2024\/\">50 athl\u00e8tes les mieux r\u00e9mun\u00e9r\u00e9s de 2023-24,<\/a> les femmes brillent tout simplement par leur absence, alors qu\u2019en 2021 on y retrouvait\u2026attention roulement de tambour\u20262 femmes. Joueuses de tennis bien entendu. Et comme si ce n\u2019\u00e9tait pas assez, le top 20 des athl\u00e8tes f\u00e9minines gagnent environ huit fois moins que les hommes. Et juste pour que vous compreniez bien, j\u2019ajoute ceci: La joueuse de tennis <a href=\"https:\/\/www.instagram.com\/iga.swiatek\/\">Iga \u015awi\u0105tek<\/a> tr\u00f4ne en t\u00eate de liste avec un revenu de 23,9 millions de dollars en 2023. De son c\u00f4t\u00e9, <a href=\"https:\/\/www.instagram.com\/cristiano\/\">Cristiano Ronaldo<\/a> a fait 260 millions cette m\u00eame ann\u00e9e.\u00a0 \u00c7a fesse hen!<\/p>\n<blockquote class=\"instagram-media\" style=\"background: #FFF; border: 0; border-radius: 3px; box-shadow: 0 0 1px 0 rgba(0,0,0,0.5),0 1px 10px 0 rgba(0,0,0,0.15); margin: 1px; max-width: 540px; min-width: 326px; padding: 0; width: calc(100% - 2px);\" data-instgrm-permalink=\"https:\/\/www.instagram.com\/p\/DGTEwbnRZZF\/?utm_source=ig_embed&amp;utm_campaign=loading\" data-instgrm-version=\"14\">\n<div style=\"padding: 16px;\">\n<p>&nbsp;<\/p>\n<div style=\"display: flex; flex-direction: row; align-items: center;\">\n<div style=\"background-color: #f4f4f4; border-radius: 50%; flex-grow: 0; height: 40px; margin-right: 14px; width: 40px;\"><\/div>\n<div style=\"display: flex; flex-direction: column; flex-grow: 1; justify-content: center;\">\n<div style=\"background-color: #f4f4f4; border-radius: 4px; flex-grow: 0; height: 14px; margin-bottom: 6px; width: 100px;\"><\/div>\n<div style=\"background-color: #f4f4f4; border-radius: 4px; flex-grow: 0; height: 14px; width: 60px;\"><\/div>\n<\/div>\n<\/div>\n<div style=\"padding: 19% 0;\"><\/div>\n<div style=\"display: block; height: 50px; margin: 0 auto 12px; width: 50px;\"><\/div>\n<div style=\"padding-top: 8px;\">\n<div style=\"color: #3897f0; font-family: Arial,sans-serif; font-size: 14px; font-style: normal; font-weight: 550; line-height: 18px;\">Voir cette publication sur Instagram<\/div>\n<\/div>\n<div style=\"padding: 12.5% 0;\"><\/div>\n<div style=\"display: flex; flex-direction: row; margin-bottom: 14px; align-items: center;\">\n<div>\n<div style=\"background-color: #f4f4f4; border-radius: 50%; height: 12.5px; width: 12.5px; transform: translateX(0px) translateY(7px);\"><\/div>\n<div style=\"background-color: #f4f4f4; height: 12.5px; transform: rotate(-45deg) translateX(3px) translateY(1px); width: 12.5px; flex-grow: 0; margin-right: 14px; margin-left: 2px;\"><\/div>\n<div style=\"background-color: #f4f4f4; border-radius: 50%; height: 12.5px; width: 12.5px; transform: translateX(9px) translateY(-18px);\"><\/div>\n<\/div>\n<div style=\"margin-left: 8px;\">\n<div style=\"background-color: #f4f4f4; border-radius: 50%; flex-grow: 0; height: 20px; width: 20px;\"><\/div>\n<div style=\"width: 0; height: 0; border-top: 2px solid transparent; border-left: 6px solid #f4f4f4; border-bottom: 2px solid transparent; transform: translateX(16px) translateY(-4px) rotate(30deg);\"><\/div>\n<\/div>\n<div style=\"margin-left: auto;\">\n<div style=\"width: 0px; border-top: 8px solid #F4F4F4; border-right: 8px solid transparent; transform: translateY(16px);\"><\/div>\n<div style=\"background-color: #f4f4f4; flex-grow: 0; height: 12px; width: 16px; transform: translateY(-4px);\"><\/div>\n<div style=\"width: 0; height: 0; border-top: 8px solid #F4F4F4; border-left: 8px solid transparent; transform: translateY(-4px) translateX(8px);\"><\/div>\n<\/div>\n<\/div>\n<div style=\"display: flex; flex-direction: column; flex-grow: 1; justify-content: center; margin-bottom: 24px;\">\n<div style=\"background-color: #f4f4f4; border-radius: 4px; flex-grow: 0; height: 14px; margin-bottom: 6px; width: 224px;\"><\/div>\n<div style=\"background-color: #f4f4f4; border-radius: 4px; flex-grow: 0; height: 14px; width: 144px;\"><\/div>\n<\/div>\n<p>&nbsp;<\/p>\n<p style=\"color: #c9c8cd; font-family: Arial,sans-serif; font-size: 14px; line-height: 17px; margin-bottom: 0; margin-top: 8px; overflow: hidden; padding: 8px 0 7px; text-align: center; text-overflow: ellipsis; white-space: nowrap;\"><a style=\"color: #c9c8cd; font-family: Arial,sans-serif; font-size: 14px; font-style: normal; font-weight: normal; line-height: 17px; text-decoration: none;\" href=\"https:\/\/www.instagram.com\/p\/DGTEwbnRZZF\/?utm_source=ig_embed&amp;utm_campaign=loading\" target=\"_blank\" rel=\"noopener\">Une publication partag\u00e9e par Sportsish (@sportsish)<\/a><\/p>\n<\/div>\n<\/blockquote>\n<p><script async src=\"\/\/www.instagram.com\/embed.js\"><\/script><\/p>\n<p style=\"text-align: center;\">En 2022, le montant total des prix attribu\u00e9s aux \u00e9quipes de soccer masculin participant a\u0300 la Coupe du monde de la FIFA s\u2019\u00e9l\u00e8ve a\u0300 440 millions $. Pour les \u00e9quipes f\u00e9minines, le montant total pour la Coupe du monde de 2023 \u00e9tait de 60 millions de dollars, soit 14% de celle des hommes. Nous sommes bien loin de l\u2019\u00e9galit\u00e9. On parle plut\u00f4t d\u2019une m\u00e9chante d\u00e9barque !<\/p>\n<p style=\"text-align: center;\">En fait, la grande majorit\u00e9 des athl\u00e8tes f\u00e9minines ne sont pas en mesure de gagner leur vie avec leur sport et doivent avoir un travail, ne leur permettant pas de pouvoir se consacrer \u00e0 100% \u00e0 leur carri\u00e8re d\u2019athl\u00e8te. Et apr\u00e8s on se demande pourquoi les femmes performent moins que les hommes. Ce n\u2019est pas que les femmes sont moins bonnes, c\u2019est qu\u2019elles n\u2019ont pas les ressources minimales qui leur permettraient de performer \u00e0 leur plein potentiel. (<a href=\"https:\/\/www.sportbuzzbusiness.fr\/forbes-devoile-son-nouveau-classement-des-athletes-les-mieux-payes-en-2023-2024-cristiano-ronaldo-le-saoudien-retrouve-son-trone.html\">Sources<\/a> :\u00a0 <a href=\"https:\/\/www.forbes.fr\/classements\/les-athletes-feminines-les-mieux-payees-au-monde-en-2023\/\">https:\/\/www.forbes.fr\/classements\/les-athletes-feminines-les-mieux-payees-au-monde-en-2023\/)<\/a><\/p>\n<blockquote class=\"instagram-media\" style=\"background: #FFF; border: 0; border-radius: 3px; box-shadow: 0 0 1px 0 rgba(0,0,0,0.5),0 1px 10px 0 rgba(0,0,0,0.15); margin: 1px; max-width: 540px; min-width: 326px; padding: 0; width: calc(100% - 2px);\" data-instgrm-permalink=\"https:\/\/www.instagram.com\/p\/C4Q4zYaAAmV\/?utm_source=ig_embed&amp;utm_campaign=loading\" data-instgrm-version=\"14\">\n<div style=\"padding: 16px;\">\n<p>&nbsp;<\/p>\n<div style=\"display: flex; flex-direction: row; align-items: center;\">\n<div style=\"background-color: #f4f4f4; border-radius: 50%; flex-grow: 0; height: 40px; margin-right: 14px; width: 40px;\"><\/div>\n<div style=\"display: flex; flex-direction: column; flex-grow: 1; justify-content: center;\">\n<div style=\"background-color: #f4f4f4; border-radius: 4px; flex-grow: 0; height: 14px; margin-bottom: 6px; width: 100px;\"><\/div>\n<div style=\"background-color: #f4f4f4; border-radius: 4px; flex-grow: 0; height: 14px; width: 60px;\"><\/div>\n<\/div>\n<\/div>\n<div style=\"padding: 19% 0;\"><\/div>\n<div style=\"display: block; height: 50px; margin: 0 auto 12px; width: 50px;\"><\/div>\n<div style=\"padding-top: 8px;\">\n<div style=\"color: #3897f0; font-family: Arial,sans-serif; font-size: 14px; font-style: normal; font-weight: 550; line-height: 18px;\">Voir cette publication sur Instagram<\/div>\n<\/div>\n<div style=\"padding: 12.5% 0;\"><\/div>\n<div style=\"display: flex; flex-direction: row; margin-bottom: 14px; align-items: center;\">\n<div>\n<div style=\"background-color: #f4f4f4; border-radius: 50%; height: 12.5px; width: 12.5px; transform: translateX(0px) translateY(7px);\"><\/div>\n<div style=\"background-color: #f4f4f4; height: 12.5px; transform: rotate(-45deg) translateX(3px) translateY(1px); width: 12.5px; flex-grow: 0; margin-right: 14px; margin-left: 2px;\"><\/div>\n<div style=\"background-color: #f4f4f4; border-radius: 50%; height: 12.5px; width: 12.5px; transform: translateX(9px) translateY(-18px);\"><\/div>\n<\/div>\n<div style=\"margin-left: 8px;\">\n<div style=\"background-color: #f4f4f4; border-radius: 50%; flex-grow: 0; height: 20px; width: 20px;\"><\/div>\n<div style=\"width: 0; height: 0; border-top: 2px solid transparent; border-left: 6px solid #f4f4f4; border-bottom: 2px solid transparent; transform: translateX(16px) translateY(-4px) rotate(30deg);\"><\/div>\n<\/div>\n<div style=\"margin-left: auto;\">\n<div style=\"width: 0px; border-top: 8px solid #F4F4F4; border-right: 8px solid transparent; transform: translateY(16px);\"><\/div>\n<div style=\"background-color: #f4f4f4; flex-grow: 0; height: 12px; width: 16px; transform: translateY(-4px);\"><\/div>\n<div style=\"width: 0; height: 0; border-top: 8px solid #F4F4F4; border-left: 8px solid transparent; transform: translateY(-4px) translateX(8px);\"><\/div>\n<\/div>\n<\/div>\n<div style=\"display: flex; flex-direction: column; flex-grow: 1; justify-content: center; margin-bottom: 24px;\">\n<div style=\"background-color: #f4f4f4; border-radius: 4px; flex-grow: 0; height: 14px; margin-bottom: 6px; width: 224px;\"><\/div>\n<div style=\"background-color: #f4f4f4; border-radius: 4px; flex-grow: 0; height: 14px; width: 144px;\"><\/div>\n<\/div>\n<p>&nbsp;<\/p>\n<p style=\"color: #c9c8cd; font-family: Arial,sans-serif; font-size: 14px; line-height: 17px; margin-bottom: 0; margin-top: 8px; overflow: hidden; padding: 8px 0 7px; text-align: center; text-overflow: ellipsis; white-space: nowrap;\"><a style=\"color: #c9c8cd; font-family: Arial,sans-serif; font-size: 14px; font-style: normal; font-weight: normal; line-height: 17px; text-decoration: none;\" href=\"https:\/\/www.instagram.com\/p\/C4Q4zYaAAmV\/?utm_source=ig_embed&amp;utm_campaign=loading\" target=\"_blank\" rel=\"noopener\">Une publication partag\u00e9e par Lysanne Richard (@lysanne_richard)<\/a><\/p>\n<\/div>\n<\/blockquote>\n<p><script async src=\"\/\/www.instagram.com\/embed.js\"><\/script><\/p>\n<p style=\"text-align: center;\">Du c\u00f4t\u00e9 des sports d\u2019action, nous avons \u00e9t\u00e9 extr\u00eamement \u00e9tonn\u00e9s de lire qu\u2019encore aujourd\u2019hui, selon l\u2019\u00e9tude Femmes et Sport: constats et enjeux (Conseil du statut de la femme, Janvier 2023), les st\u00e9r\u00e9otypes de genre sont toujours bien pr\u00e9sents. Les sports qui exigent force, prise de risque, vitesse et puissance sont toujours consid\u00e9r\u00e9s comme \u00ab masculins \u00bb et jug\u00e9s inappropri\u00e9s pour les femmes, qui seraient plut\u00f4t encourag\u00e9es \u00e0 se tourner vers des activit\u00e9s valorisant gr\u00e2ce, esth\u00e9tique et expressivit\u00e9.<\/p>\n<p style=\"text-align: center;\"><a href=\"https:\/\/www.instagram.com\/lysanne_richard\/\">Lysanne Richard<\/a>, l\u2019une des quatre athl\u00e8tes du documentaire, r\u00e9agit face \u00e0 cette situation en d\u00e9clarant : \u00ab <em>Je ne suis pas d\u2019accord ! Voyons donc ! \u00bb <\/em>Et nous, tout comme elle, sommes convaincus que le sport est fait pour tout le monde ! Que l\u2019on soit un gar\u00e7on, une fille, ou peu importe, chacun a le potentiel de pratiquer le skate, l\u2019escalade ou de d\u00e9valer la montagne en snowboard. Il suffit de pratique et de pers\u00e9v\u00e9rance.<\/p>\n<p style=\"text-align: center;\">Heureusement (<strong>attention bonne nouvelle ici<\/strong> !), les femmes seraient le groupe d\u00e9mographique \u00e0 la croissance la plus rapide dans les sports d\u2019action ! Dans les 5-6 derni\u00e8res ann\u00e9es, des skateuses en comp\u00e9tition auraient atteint des niveaux techniques que les gar\u00e7ons ont mis quinze ou vingt ans \u00e0 obtenir ! (<a href=\"https:\/\/csf.gouv.qc.ca\/wp-content\/uploads\/Etude-Femmes-et-sport.pdf\">Sources)<\/a>.<\/p>\n<p><img loading=\"lazy\" decoding=\"async\" class=\"aligncenter wp-image-11926 size-full\" src=\"https:\/\/tribu.co\/app\/uploads\/2025\/02\/JACKALOPE-VIRGINIA-BEACH-2024--scaled.jpg\" alt=\"\" width=\"2560\" height=\"1447\" srcset=\"https:\/\/tribu.co\/wp-content\/uploads\/2025\/02\/JACKALOPE-VIRGINIA-BEACH-2024--scaled.jpg 2560w, https:\/\/tribu.co\/wp-content\/uploads\/2025\/02\/JACKALOPE-VIRGINIA-BEACH-2024--300x170.jpg 300w, https:\/\/tribu.co\/wp-content\/uploads\/2025\/02\/JACKALOPE-VIRGINIA-BEACH-2024--1024x579.jpg 1024w, https:\/\/tribu.co\/wp-content\/uploads\/2025\/02\/JACKALOPE-VIRGINIA-BEACH-2024--768x434.jpg 768w, https:\/\/tribu.co\/wp-content\/uploads\/2025\/02\/JACKALOPE-VIRGINIA-BEACH-2024--1536x868.jpg 1536w, https:\/\/tribu.co\/wp-content\/uploads\/2025\/02\/JACKALOPE-VIRGINIA-BEACH-2024--2048x1158.jpg 2048w\" sizes=\"auto, (max-width: 2560px) 100vw, 2560px\" \/><\/p>\n<h3 style=\"text-align: center;\">UNE CAUSE SOCIALE QUI NOUS TIENT \u00c0 COEUR<\/h3>\n<p style=\"text-align: center;\">Chez Tribu, nous croyons que l\u2019industrie du sport, au sens large, a un impact incroyable sur la soci\u00e9t\u00e9 et les mentalit\u00e9s et, surtout, le pouvoir et le devoir d\u2019influencer le changement que l\u2019on souhaite mettre de l\u2019avant. Dans ce cas-ci, un sport plus inclusif pour une soci\u00e9t\u00e9 \u00e9galitaire.<\/p>\n<p style=\"text-align: center;\"><img loading=\"lazy\" decoding=\"async\" class=\"aligncenter wp-image-11947 size-full\" src=\"https:\/\/tribu.co\/app\/uploads\/2025\/02\/APIK-2025--scaled.jpg\" alt=\"\" width=\"2150\" height=\"2560\" srcset=\"https:\/\/tribu.co\/wp-content\/uploads\/2025\/02\/APIK-2025--scaled.jpg 2150w, https:\/\/tribu.co\/wp-content\/uploads\/2025\/02\/APIK-2025--252x300.jpg 252w, https:\/\/tribu.co\/wp-content\/uploads\/2025\/02\/APIK-2025--860x1024.jpg 860w, https:\/\/tribu.co\/wp-content\/uploads\/2025\/02\/APIK-2025--768x914.jpg 768w, https:\/\/tribu.co\/wp-content\/uploads\/2025\/02\/APIK-2025--1290x1536.jpg 1290w, https:\/\/tribu.co\/wp-content\/uploads\/2025\/02\/APIK-2025--1720x2048.jpg 1720w\" sizes=\"auto, (max-width: 2150px) 100vw, 2150px\" \/><br \/>\nM\u00eame si nous avons \u00e9t\u00e9 dans les premiers producteurs \u00e0 introduire les bourses \u00e9galitaires dans toutes nos comp\u00e9titions, se pensant inclusifs et avant gardistes sur le sujet, en travaillant sur ce documentaire, nous nous sommes rendus compte que tout comme beaucoup de producteurs d&#8217;\u00e9v\u00e9nements, nous avons du chemin \u00e0 faire en tant qu&#8217;organisation. C\u2019est pourquoi on te tiendra au courant de nos constatations dans les prochains articles, en plus des avancements, car oui, \u00e7a bouge \u00e0 vitesse grand V depuis les tournages du documentaire.<\/p>\n<h3 style=\"text-align: center;\">Alors continuez \u00e0 nous lire pour poursuivre cette conversation importante !<br \/>\nVers l\u2019infini, et plus loin encore \ud83d\ude09<\/h3>\n<p style=\"text-align: center;\">\n\n\t\t<\/div>\n\t<\/div>\n<\/section>","protected":false},"excerpt":{"rendered":"","protected":false},"author":25,"featured_media":11894,"comment_status":"closed","ping_status":"closed","sticky":true,"template":"","format":"standard","meta":{"_acf_changed":false,"content-type":"","footnotes":""},"categories":[2,95,94],"tags":[155,106,98,121],"class_list":["post-11893","post","type-post","status-publish","format-standard","has-post-thumbnail","hentry","category-international","category-news","category-sports-action","tag-festival","tag-marketing","tag-sports","tag-tribu"],"acf":[],"yoast_head":"<!-- This site is optimized with the Yoast SEO plugin v26.7 - https:\/\/yoast.com\/wordpress\/plugins\/seo\/ -->\n<title>Est-ce que le sport est \u00e9galitaire? - Tribu Exp\u00e9rientiel<\/title>\n<meta name=\"description\" content=\"Malheureusement, la r\u00e9ponse \u00e0 cette question est NON. Il serait facile de penser qu&#039;en ce moment, tout va dans le bon sens : les JO de Paris 2024 \u00e9taient paritaires, Montr\u00e9al lance son \u00e9quipe f\u00e9minine de soccer au printemps 2025, et les femmes cl\u00f4turent les X Games\u2026 Mais des iniquit\u00e9s flagrantes subsistent, et le sport masculin est encore per\u00e7u comme sup\u00e9rieur au sport f\u00e9minin.\" \/>\n<meta name=\"robots\" content=\"index, follow, max-snippet:-1, max-image-preview:large, max-video-preview:-1\" \/>\n<link rel=\"canonical\" href=\"https:\/\/tribu.co\/fr\/est-ce-que-le-sport-est-egalitaire\/\" \/>\n<meta property=\"og:locale\" content=\"fr_CA\" \/>\n<meta property=\"og:type\" content=\"article\" \/>\n<meta property=\"og:title\" content=\"Est-ce que le sport est \u00e9galitaire? - Tribu Exp\u00e9rientiel\" \/>\n<meta property=\"og:description\" content=\"Malheureusement, la r\u00e9ponse \u00e0 cette question est NON. Il serait facile de penser qu&#039;en ce moment, tout va dans le bon sens : les JO de Paris 2024 \u00e9taient paritaires, Montr\u00e9al lance son \u00e9quipe f\u00e9minine de soccer au printemps 2025, et les femmes cl\u00f4turent les X Games\u2026 Mais des iniquit\u00e9s flagrantes subsistent, et le sport masculin est encore per\u00e7u comme sup\u00e9rieur au sport f\u00e9minin.\" \/>\n<meta property=\"og:url\" content=\"https:\/\/tribu.co\/fr\/est-ce-que-le-sport-est-egalitaire\/\" \/>\n<meta property=\"og:site_name\" content=\"Tribu Exp\u00e9rientiel\" \/>\n<meta property=\"article:publisher\" content=\"https:\/\/www.facebook.com\/TribuExperientiel\/\" \/>\n<meta property=\"article:published_time\" content=\"2025-02-18T21:11:24+00:00\" \/>\n<meta property=\"article:modified_time\" content=\"2025-03-05T19:55:49+00:00\" \/>\n<meta property=\"og:image\" content=\"https:\/\/tribu.co\/app\/uploads\/2025\/02\/EGALITE-SPORT-scaled.jpg\" \/>\n\t<meta property=\"og:image:width\" content=\"2560\" \/>\n\t<meta property=\"og:image:height\" content=\"1269\" \/>\n\t<meta property=\"og:image:type\" content=\"image\/jpeg\" \/>\n<meta name=\"author\" content=\"joaniegareau\" \/>\n<meta name=\"twitter:card\" content=\"summary_large_image\" \/>\n<meta name=\"twitter:creator\" content=\"@tribu_exp\" \/>\n<meta name=\"twitter:site\" content=\"@tribu_exp\" \/>\n<meta name=\"twitter:label1\" content=\"Written by\" \/>\n\t<meta name=\"twitter:data1\" content=\"joaniegareau\" \/>\n\t<meta name=\"twitter:label2\" content=\"Est. reading time\" \/>\n\t<meta name=\"twitter:data2\" content=\"1 minute\" \/>\n<script type=\"application\/ld+json\" class=\"yoast-schema-graph\">{\"@context\":\"https:\/\/schema.org\",\"@graph\":[{\"@type\":\"Article\",\"@id\":\"https:\/\/tribu.co\/fr\/est-ce-que-le-sport-est-egalitaire\/#article\",\"isPartOf\":{\"@id\":\"https:\/\/tribu.co\/fr\/est-ce-que-le-sport-est-egalitaire\/\"},\"author\":{\"name\":\"joaniegareau\",\"@id\":\"https:\/\/tribu.co\/#\/schema\/person\/bf31833252ce6f4c11f935df2b0e4f9f\"},\"headline\":\"Est-ce que le sport est \u00e9galitaire?\",\"datePublished\":\"2025-02-18T21:11:24+00:00\",\"dateModified\":\"2025-03-05T19:55:49+00:00\",\"mainEntityOfPage\":{\"@id\":\"https:\/\/tribu.co\/fr\/est-ce-que-le-sport-est-egalitaire\/\"},\"wordCount\":6,\"publisher\":{\"@id\":\"https:\/\/tribu.co\/#organization\"},\"image\":{\"@id\":\"https:\/\/tribu.co\/fr\/est-ce-que-le-sport-est-egalitaire\/#primaryimage\"},\"thumbnailUrl\":\"https:\/\/tribu.co\/wp-content\/uploads\/2025\/02\/EGALITE-SPORT-scaled.jpg\",\"keywords\":[\"festival\",\"marketing\",\"sports\",\"tribu\"],\"articleSection\":[\"International\",\"News\",\"Sports d'action\"],\"inLanguage\":\"fr-CA\"},{\"@type\":\"WebPage\",\"@id\":\"https:\/\/tribu.co\/fr\/est-ce-que-le-sport-est-egalitaire\/\",\"url\":\"https:\/\/tribu.co\/fr\/est-ce-que-le-sport-est-egalitaire\/\",\"name\":\"Est-ce que le sport est \u00e9galitaire? - Tribu Exp\u00e9rientiel\",\"isPartOf\":{\"@id\":\"https:\/\/tribu.co\/#website\"},\"primaryImageOfPage\":{\"@id\":\"https:\/\/tribu.co\/fr\/est-ce-que-le-sport-est-egalitaire\/#primaryimage\"},\"image\":{\"@id\":\"https:\/\/tribu.co\/fr\/est-ce-que-le-sport-est-egalitaire\/#primaryimage\"},\"thumbnailUrl\":\"https:\/\/tribu.co\/wp-content\/uploads\/2025\/02\/EGALITE-SPORT-scaled.jpg\",\"datePublished\":\"2025-02-18T21:11:24+00:00\",\"dateModified\":\"2025-03-05T19:55:49+00:00\",\"description\":\"Malheureusement, la r\u00e9ponse \u00e0 cette question est NON. Il serait facile de penser qu'en ce moment, tout va dans le bon sens : les JO de Paris 2024 \u00e9taient paritaires, Montr\u00e9al lance son \u00e9quipe f\u00e9minine de soccer au printemps 2025, et les femmes cl\u00f4turent les X Games\u2026 Mais des iniquit\u00e9s flagrantes subsistent, et le sport masculin est encore per\u00e7u comme sup\u00e9rieur au sport f\u00e9minin.\",\"breadcrumb\":{\"@id\":\"https:\/\/tribu.co\/fr\/est-ce-que-le-sport-est-egalitaire\/#breadcrumb\"},\"inLanguage\":\"fr-CA\",\"potentialAction\":[{\"@type\":\"ReadAction\",\"target\":[\"https:\/\/tribu.co\/fr\/est-ce-que-le-sport-est-egalitaire\/\"]}]},{\"@type\":\"ImageObject\",\"inLanguage\":\"fr-CA\",\"@id\":\"https:\/\/tribu.co\/fr\/est-ce-que-le-sport-est-egalitaire\/#primaryimage\",\"url\":\"https:\/\/tribu.co\/wp-content\/uploads\/2025\/02\/EGALITE-SPORT-scaled.jpg\",\"contentUrl\":\"https:\/\/tribu.co\/wp-content\/uploads\/2025\/02\/EGALITE-SPORT-scaled.jpg\",\"width\":2560,\"height\":1269},{\"@type\":\"BreadcrumbList\",\"@id\":\"https:\/\/tribu.co\/fr\/est-ce-que-le-sport-est-egalitaire\/#breadcrumb\",\"itemListElement\":[{\"@type\":\"ListItem\",\"position\":1,\"name\":\"Home\",\"item\":\"https:\/\/tribu.co\/fr\/accueil\/\"},{\"@type\":\"ListItem\",\"position\":2,\"name\":\"Est-ce que le sport est \u00e9galitaire?\"}]},{\"@type\":\"WebSite\",\"@id\":\"https:\/\/tribu.co\/#website\",\"url\":\"https:\/\/tribu.co\/\",\"name\":\"Tribu\",\"description\":\"Integrated experiences\",\"publisher\":{\"@id\":\"https:\/\/tribu.co\/#organization\"},\"potentialAction\":[{\"@type\":\"SearchAction\",\"target\":{\"@type\":\"EntryPoint\",\"urlTemplate\":\"https:\/\/tribu.co\/?s={search_term_string}\"},\"query-input\":{\"@type\":\"PropertyValueSpecification\",\"valueRequired\":true,\"valueName\":\"search_term_string\"}}],\"inLanguage\":\"fr-CA\"},{\"@type\":\"Organization\",\"@id\":\"https:\/\/tribu.co\/#organization\",\"name\":\"Tribu\",\"url\":\"https:\/\/tribu.co\/\",\"logo\":{\"@type\":\"ImageObject\",\"inLanguage\":\"fr-CA\",\"@id\":\"https:\/\/tribu.co\/#\/schema\/logo\/image\/\",\"url\":\"https:\/\/tribu.co\/app\/uploads\/2020\/03\/Tribu-Header.png\",\"contentUrl\":\"https:\/\/tribu.co\/app\/uploads\/2020\/03\/Tribu-Header.png\",\"width\":2500,\"height\":1398,\"caption\":\"Tribu\"},\"image\":{\"@id\":\"https:\/\/tribu.co\/#\/schema\/logo\/image\/\"},\"sameAs\":[\"https:\/\/www.facebook.com\/TribuExperientiel\/\",\"https:\/\/x.com\/tribu_exp\",\"https:\/\/www.instagram.com\/tribuexperientiel\/\",\"https:\/\/www.linkedin.com\/tribuexperientiel\/\"]},{\"@type\":\"Person\",\"@id\":\"https:\/\/tribu.co\/#\/schema\/person\/bf31833252ce6f4c11f935df2b0e4f9f\",\"name\":\"joaniegareau\",\"image\":{\"@type\":\"ImageObject\",\"inLanguage\":\"fr-CA\",\"@id\":\"https:\/\/tribu.co\/#\/schema\/person\/image\/\",\"url\":\"https:\/\/secure.gravatar.com\/avatar\/fa7cd5129655f189e3adf98fdde82f337f0f00950ab90118e99e15684bbb8193?s=96&d=mm&r=g\",\"contentUrl\":\"https:\/\/secure.gravatar.com\/avatar\/fa7cd5129655f189e3adf98fdde82f337f0f00950ab90118e99e15684bbb8193?s=96&d=mm&r=g\",\"caption\":\"joaniegareau\"},\"url\":\"https:\/\/tribu.co\/fr\/author\/joaniegareau\/\"}]}<\/script>\n<!-- \/ Yoast SEO plugin. -->","yoast_head_json":{"title":"Est-ce que le sport est \u00e9galitaire? - Tribu Exp\u00e9rientiel","description":"Malheureusement, la r\u00e9ponse \u00e0 cette question est NON. Il serait facile de penser qu'en ce moment, tout va dans le bon sens : les JO de Paris 2024 \u00e9taient paritaires, Montr\u00e9al lance son \u00e9quipe f\u00e9minine de soccer au printemps 2025, et les femmes cl\u00f4turent les X Games\u2026 Mais des iniquit\u00e9s flagrantes subsistent, et le sport masculin est encore per\u00e7u comme sup\u00e9rieur au sport f\u00e9minin.","robots":{"index":"index","follow":"follow","max-snippet":"max-snippet:-1","max-image-preview":"max-image-preview:large","max-video-preview":"max-video-preview:-1"},"canonical":"https:\/\/tribu.co\/fr\/est-ce-que-le-sport-est-egalitaire\/","og_locale":"fr_CA","og_type":"article","og_title":"Est-ce que le sport est \u00e9galitaire? - Tribu Exp\u00e9rientiel","og_description":"Malheureusement, la r\u00e9ponse \u00e0 cette question est NON. Il serait facile de penser qu'en ce moment, tout va dans le bon sens : les JO de Paris 2024 \u00e9taient paritaires, Montr\u00e9al lance son \u00e9quipe f\u00e9minine de soccer au printemps 2025, et les femmes cl\u00f4turent les X Games\u2026 Mais des iniquit\u00e9s flagrantes subsistent, et le sport masculin est encore per\u00e7u comme sup\u00e9rieur au sport f\u00e9minin.","og_url":"https:\/\/tribu.co\/fr\/est-ce-que-le-sport-est-egalitaire\/","og_site_name":"Tribu Exp\u00e9rientiel","article_publisher":"https:\/\/www.facebook.com\/TribuExperientiel\/","article_published_time":"2025-02-18T21:11:24+00:00","article_modified_time":"2025-03-05T19:55:49+00:00","og_image":[{"width":2560,"height":1269,"url":"https:\/\/tribu.co\/app\/uploads\/2025\/02\/EGALITE-SPORT-scaled.jpg","type":"image\/jpeg"}],"author":"joaniegareau","twitter_card":"summary_large_image","twitter_creator":"@tribu_exp","twitter_site":"@tribu_exp","twitter_misc":{"Written by":"joaniegareau","Est. reading time":"1 minute"},"schema":{"@context":"https:\/\/schema.org","@graph":[{"@type":"Article","@id":"https:\/\/tribu.co\/fr\/est-ce-que-le-sport-est-egalitaire\/#article","isPartOf":{"@id":"https:\/\/tribu.co\/fr\/est-ce-que-le-sport-est-egalitaire\/"},"author":{"name":"joaniegareau","@id":"https:\/\/tribu.co\/#\/schema\/person\/bf31833252ce6f4c11f935df2b0e4f9f"},"headline":"Est-ce que le sport est \u00e9galitaire?","datePublished":"2025-02-18T21:11:24+00:00","dateModified":"2025-03-05T19:55:49+00:00","mainEntityOfPage":{"@id":"https:\/\/tribu.co\/fr\/est-ce-que-le-sport-est-egalitaire\/"},"wordCount":6,"publisher":{"@id":"https:\/\/tribu.co\/#organization"},"image":{"@id":"https:\/\/tribu.co\/fr\/est-ce-que-le-sport-est-egalitaire\/#primaryimage"},"thumbnailUrl":"https:\/\/tribu.co\/wp-content\/uploads\/2025\/02\/EGALITE-SPORT-scaled.jpg","keywords":["festival","marketing","sports","tribu"],"articleSection":["International","News","Sports d'action"],"inLanguage":"fr-CA"},{"@type":"WebPage","@id":"https:\/\/tribu.co\/fr\/est-ce-que-le-sport-est-egalitaire\/","url":"https:\/\/tribu.co\/fr\/est-ce-que-le-sport-est-egalitaire\/","name":"Est-ce que le sport est \u00e9galitaire? - Tribu Exp\u00e9rientiel","isPartOf":{"@id":"https:\/\/tribu.co\/#website"},"primaryImageOfPage":{"@id":"https:\/\/tribu.co\/fr\/est-ce-que-le-sport-est-egalitaire\/#primaryimage"},"image":{"@id":"https:\/\/tribu.co\/fr\/est-ce-que-le-sport-est-egalitaire\/#primaryimage"},"thumbnailUrl":"https:\/\/tribu.co\/wp-content\/uploads\/2025\/02\/EGALITE-SPORT-scaled.jpg","datePublished":"2025-02-18T21:11:24+00:00","dateModified":"2025-03-05T19:55:49+00:00","description":"Malheureusement, la r\u00e9ponse \u00e0 cette question est NON. Il serait facile de penser qu'en ce moment, tout va dans le bon sens : les JO de Paris 2024 \u00e9taient paritaires, Montr\u00e9al lance son \u00e9quipe f\u00e9minine de soccer au printemps 2025, et les femmes cl\u00f4turent les X Games\u2026 Mais des iniquit\u00e9s flagrantes subsistent, et le sport masculin est encore per\u00e7u comme sup\u00e9rieur au sport f\u00e9minin.","breadcrumb":{"@id":"https:\/\/tribu.co\/fr\/est-ce-que-le-sport-est-egalitaire\/#breadcrumb"},"inLanguage":"fr-CA","potentialAction":[{"@type":"ReadAction","target":["https:\/\/tribu.co\/fr\/est-ce-que-le-sport-est-egalitaire\/"]}]},{"@type":"ImageObject","inLanguage":"fr-CA","@id":"https:\/\/tribu.co\/fr\/est-ce-que-le-sport-est-egalitaire\/#primaryimage","url":"https:\/\/tribu.co\/wp-content\/uploads\/2025\/02\/EGALITE-SPORT-scaled.jpg","contentUrl":"https:\/\/tribu.co\/wp-content\/uploads\/2025\/02\/EGALITE-SPORT-scaled.jpg","width":2560,"height":1269},{"@type":"BreadcrumbList","@id":"https:\/\/tribu.co\/fr\/est-ce-que-le-sport-est-egalitaire\/#breadcrumb","itemListElement":[{"@type":"ListItem","position":1,"name":"Home","item":"https:\/\/tribu.co\/fr\/accueil\/"},{"@type":"ListItem","position":2,"name":"Est-ce que le sport est \u00e9galitaire?"}]},{"@type":"WebSite","@id":"https:\/\/tribu.co\/#website","url":"https:\/\/tribu.co\/","name":"Tribu","description":"Integrated experiences","publisher":{"@id":"https:\/\/tribu.co\/#organization"},"potentialAction":[{"@type":"SearchAction","target":{"@type":"EntryPoint","urlTemplate":"https:\/\/tribu.co\/?s={search_term_string}"},"query-input":{"@type":"PropertyValueSpecification","valueRequired":true,"valueName":"search_term_string"}}],"inLanguage":"fr-CA"},{"@type":"Organization","@id":"https:\/\/tribu.co\/#organization","name":"Tribu","url":"https:\/\/tribu.co\/","logo":{"@type":"ImageObject","inLanguage":"fr-CA","@id":"https:\/\/tribu.co\/#\/schema\/logo\/image\/","url":"https:\/\/tribu.co\/app\/uploads\/2020\/03\/Tribu-Header.png","contentUrl":"https:\/\/tribu.co\/app\/uploads\/2020\/03\/Tribu-Header.png","width":2500,"height":1398,"caption":"Tribu"},"image":{"@id":"https:\/\/tribu.co\/#\/schema\/logo\/image\/"},"sameAs":["https:\/\/www.facebook.com\/TribuExperientiel\/","https:\/\/x.com\/tribu_exp","https:\/\/www.instagram.com\/tribuexperientiel\/","https:\/\/www.linkedin.com\/tribuexperientiel\/"]},{"@type":"Person","@id":"https:\/\/tribu.co\/#\/schema\/person\/bf31833252ce6f4c11f935df2b0e4f9f","name":"joaniegareau","image":{"@type":"ImageObject","inLanguage":"fr-CA","@id":"https:\/\/tribu.co\/#\/schema\/person\/image\/","url":"https:\/\/secure.gravatar.com\/avatar\/fa7cd5129655f189e3adf98fdde82f337f0f00950ab90118e99e15684bbb8193?s=96&d=mm&r=g","contentUrl":"https:\/\/secure.gravatar.com\/avatar\/fa7cd5129655f189e3adf98fdde82f337f0f00950ab90118e99e15684bbb8193?s=96&d=mm&r=g","caption":"joaniegareau"},"url":"https:\/\/tribu.co\/fr\/author\/joaniegareau\/"}]}},"_links":{"self":[{"href":"https:\/\/tribu.co\/fr\/wp-json\/wp\/v2\/posts\/11893","targetHints":{"allow":["GET"]}}],"collection":[{"href":"https:\/\/tribu.co\/fr\/wp-json\/wp\/v2\/posts"}],"about":[{"href":"https:\/\/tribu.co\/fr\/wp-json\/wp\/v2\/types\/post"}],"author":[{"embeddable":true,"href":"https:\/\/tribu.co\/fr\/wp-json\/wp\/v2\/users\/25"}],"replies":[{"embeddable":true,"href":"https:\/\/tribu.co\/fr\/wp-json\/wp\/v2\/comments?post=11893"}],"version-history":[{"count":60,"href":"https:\/\/tribu.co\/fr\/wp-json\/wp\/v2\/posts\/11893\/revisions"}],"predecessor-version":[{"id":12208,"href":"https:\/\/tribu.co\/fr\/wp-json\/wp\/v2\/posts\/11893\/revisions\/12208"}],"wp:featuredmedia":[{"embeddable":true,"href":"https:\/\/tribu.co\/fr\/wp-json\/wp\/v2\/media\/11894"}],"wp:attachment":[{"href":"https:\/\/tribu.co\/fr\/wp-json\/wp\/v2\/media?parent=11893"}],"wp:term":[{"taxonomy":"category","embeddable":true,"href":"https:\/\/tribu.co\/fr\/wp-json\/wp\/v2\/categories?post=11893"},{"taxonomy":"post_tag","embeddable":true,"href":"https:\/\/tribu.co\/fr\/wp-json\/wp\/v2\/tags?post=11893"}],"curies":[{"name":"wp","href":"https:\/\/api.w.org\/{rel}","templated":true}]}}