{"id":12499,"date":"2025-04-11T16:20:28","date_gmt":"2025-04-11T21:20:28","guid":{"rendered":"https:\/\/tribu.co\/?p=12499"},"modified":"2025-06-30T14:36:25","modified_gmt":"2025-06-30T19:36:25","slug":"leadership-feminin-dans-le-sport-les-defis-a-relever-pour-avancer-vers-une-veritable-equite","status":"publish","type":"post","link":"https:\/\/tribu.co\/fr\/leadership-feminin-dans-le-sport-les-defis-a-relever-pour-avancer-vers-une-veritable-equite\/","title":{"rendered":"Leadership f\u00e9minin dans le sport : les d\u00e9fis \u00e0 relever pour avancer vers une v\u00e9ritable \u00e9quit\u00e9"},"content":{"rendered":"<section block class=\"b-text\" data-watch>\n\t<div class=\"container-narrow container--align-left\">\n\t\t<div class=\"b-text-content wysiwyg wysiwyg--text\">\n\t\t\t<p style=\"text-align: center;\">Oui il y a une augmentation de la participation des femmes dans l\u2019univers sportif sur la sc\u00e8ne internationale, mais le progr\u00e8s en ce qui concerne le leadership f\u00e9minin est faible. Au sein des organisations sportives, les femmes sont consid\u00e9rablement sous-repr\u00e9sent\u00e9es dans les postes de pouvoir, que ce soit au sein des conseils d\u2019administration, dans les postes d\u00e9cisionnels (direction g\u00e9n\u00e9rale) et d\u2019autorit\u00e9 (officielles et entra\u00eeneures).<\/p>\n<p style=\"text-align: center;\">\u00c0 travers les ann\u00e9es, on constate que les chiffres augmentent tr\u00e8s lentement, et m\u00eame baissent. \ud83d\ude32 Sans oublier que les femmes qui obtiennent ces postes demeurent souvent \u00e0 des niveaux moins \u00e9lev\u00e9s de comp\u00e9tition, incapables de gravir les \u00e9chelons vers la comp\u00e9tition de haut niveau.<\/p>\n<p><img loading=\"lazy\" decoding=\"async\" class=\"size-medium wp-image-12563 aligncenter\" src=\"https:\/\/tribu.co\/app\/uploads\/2025\/04\/laurie-blouin-APIK-2025-200x300.jpg\" alt=\"\" width=\"200\" height=\"300\" srcset=\"https:\/\/tribu.co\/wp-content\/uploads\/2025\/04\/laurie-blouin-APIK-2025-200x300.jpg 200w, https:\/\/tribu.co\/wp-content\/uploads\/2025\/04\/laurie-blouin-APIK-2025-683x1024.jpg 683w, https:\/\/tribu.co\/wp-content\/uploads\/2025\/04\/laurie-blouin-APIK-2025-768x1151.jpg 768w, https:\/\/tribu.co\/wp-content\/uploads\/2025\/04\/laurie-blouin-APIK-2025-1025x1536.jpg 1025w, https:\/\/tribu.co\/wp-content\/uploads\/2025\/04\/laurie-blouin-APIK-2025-1366x2048.jpg 1366w, https:\/\/tribu.co\/wp-content\/uploads\/2025\/04\/laurie-blouin-APIK-2025-scaled.jpg 1708w\" sizes=\"auto, (max-width: 200px) 100vw, 200px\" \/><\/p>\n<p style=\"text-align: center;\">Guylaine Demer, sp\u00e9cialiste en sport f\u00e9minin le mentionne dans <a href=\"https:\/\/video.telequebec.tv\/player\/53947\/stream?assetType=episodes\">le documentaire Sportives sur l\u2019Adr\u00e9naline<\/a> : &#8220;<em>J\u2019ai jou\u00e9 activement plusieurs r\u00f4les dans le syst\u00e8me sportif au sein de ma carri\u00e8re, et je n\u2019en revenais pas de constater \u00e0 quel point le sexisme est omnipr\u00e9sent et normalis\u00e9<\/em>.\u2019\u2019<\/p>\n<p style=\"text-align: center;\">Pourquoi les femmes ne sont pas davantage pr\u00e9sentes dans ces postes ? Comment l\u2019augmentation du <em>leadership<\/em> f\u00e9minin aiderait \u00e0 l\u2019atteinte d\u2019un univers sportif plus inclusif? Et que faut-il faire pour qu\u2019il en soit ainsi? Voici quelques \u00e9l\u00e9ments de r\u00e9ponse.<\/p>\n<h3 style=\"text-align: center;\">CASSER UNE CROYANCE ERRON\u00c9E<\/h3>\n<p style=\"text-align: center;\">L\u2019un des arguments souvent avanc\u00e9 pour justifier l\u2019absence des femmes dans les r\u00f4les de <em>leadership<\/em> sportif c\u2019est qu\u2019elles ne sont tout simplement pas int\u00e9ress\u00e9es par ces postes d\u2019autorit\u00e9s et de pouvoir. Cette id\u00e9e, totalement infond\u00e9e, repose sur des st\u00e9r\u00e9otypes profond\u00e9ment ancr\u00e9s (comme d\u2019habitude !). En r\u00e9alit\u00e9, de nombreuses femmes souhaitent occuper ces postes, mais elles se heurtent \u00e0 des obstacles syst\u00e9miques qui entravent leur acc\u00e8s \u00e0 ces postes et leur progression.<\/p>\n<blockquote class=\"instagram-media\" style=\"background: #FFF; border: 0; border-radius: 3px; box-shadow: 0 0 1px 0 rgba(0,0,0,0.5),0 1px 10px 0 rgba(0,0,0,0.15); margin: 1px; max-width: 540px; min-width: 326px; padding: 0; width: calc(100% - 2px);\" data-instgrm-permalink=\"https:\/\/www.instagram.com\/p\/DCHytUWJSyQ\/?utm_source=ig_embed&amp;utm_campaign=loading\" data-instgrm-version=\"14\">\n<div style=\"padding: 16px;\">\n<p>&nbsp;<\/p>\n<div style=\"display: flex; flex-direction: row; align-items: center;\">\n<div style=\"background-color: #f4f4f4; border-radius: 50%; flex-grow: 0; height: 40px; margin-right: 14px; width: 40px;\"><\/div>\n<div style=\"display: flex; flex-direction: column; flex-grow: 1; justify-content: center;\">\n<div style=\"background-color: #f4f4f4; border-radius: 4px; flex-grow: 0; height: 14px; margin-bottom: 6px; width: 100px;\"><\/div>\n<div style=\"background-color: #f4f4f4; border-radius: 4px; flex-grow: 0; height: 14px; width: 60px;\"><\/div>\n<\/div>\n<\/div>\n<div style=\"padding: 19% 0;\"><\/div>\n<div style=\"display: block; height: 50px; margin: 0 auto 12px; width: 50px;\"><\/div>\n<div style=\"padding-top: 8px;\">\n<div style=\"color: #3897f0; font-family: Arial,sans-serif; font-size: 14px; font-style: normal; font-weight: 550; line-height: 18px;\">Voir cette publication sur Instagram<\/div>\n<\/div>\n<div style=\"padding: 12.5% 0;\"><\/div>\n<div style=\"display: flex; flex-direction: row; margin-bottom: 14px; align-items: center;\">\n<div>\n<div style=\"background-color: #f4f4f4; border-radius: 50%; height: 12.5px; width: 12.5px; transform: translateX(0px) translateY(7px);\"><\/div>\n<div style=\"background-color: #f4f4f4; height: 12.5px; transform: rotate(-45deg) translateX(3px) translateY(1px); width: 12.5px; flex-grow: 0; margin-right: 14px; margin-left: 2px;\"><\/div>\n<div style=\"background-color: #f4f4f4; border-radius: 50%; height: 12.5px; width: 12.5px; transform: translateX(9px) translateY(-18px);\"><\/div>\n<\/div>\n<div style=\"margin-left: 8px;\">\n<div style=\"background-color: #f4f4f4; border-radius: 50%; flex-grow: 0; height: 20px; width: 20px;\"><\/div>\n<div style=\"width: 0; height: 0; border-top: 2px solid transparent; border-left: 6px solid #f4f4f4; border-bottom: 2px solid transparent; transform: translateX(16px) translateY(-4px) rotate(30deg);\"><\/div>\n<\/div>\n<div style=\"margin-left: auto;\">\n<div style=\"width: 0px; border-top: 8px solid #F4F4F4; border-right: 8px solid transparent; transform: translateY(16px);\"><\/div>\n<div style=\"background-color: #f4f4f4; flex-grow: 0; height: 12px; width: 16px; transform: translateY(-4px);\"><\/div>\n<div style=\"width: 0; height: 0; border-top: 8px solid #F4F4F4; border-left: 8px solid transparent; transform: translateY(-4px) translateX(8px);\"><\/div>\n<\/div>\n<\/div>\n<div style=\"display: flex; flex-direction: column; flex-grow: 1; justify-content: center; margin-bottom: 24px;\">\n<div style=\"background-color: #f4f4f4; border-radius: 4px; flex-grow: 0; height: 14px; margin-bottom: 6px; width: 224px;\"><\/div>\n<div style=\"background-color: #f4f4f4; border-radius: 4px; flex-grow: 0; height: 14px; width: 144px;\"><\/div>\n<\/div>\n<p>&nbsp;<\/p>\n<p style=\"color: #c9c8cd; font-family: Arial,sans-serif; font-size: 14px; line-height: 17px; margin-bottom: 0; margin-top: 8px; overflow: hidden; padding: 8px 0 7px; text-align: center; text-overflow: ellipsis; white-space: nowrap;\"><a style=\"color: #c9c8cd; font-family: Arial,sans-serif; font-size: 14px; font-style: normal; font-weight: normal; line-height: 17px; text-decoration: none;\" href=\"https:\/\/www.instagram.com\/p\/DCHytUWJSyQ\/?utm_source=ig_embed&amp;utm_campaign=loading\" target=\"_blank\" rel=\"noopener\">Une publication partag\u00e9e par Norma Ibarra (@lapir0)<\/a><\/p>\n<\/div>\n<\/blockquote>\n<p><script async src=\"\/\/www.instagram.com\/embed.js\"><\/script><\/p>\n<p style=\"text-align: center;\">D\u00e8s le d\u00e9but de leur carri\u00e8re, elles sont confront\u00e9es \u00e0 un manque d\u2019acc\u00e8s aux ressources essentielles pour \u00e9voluer : moins de possibilit\u00e9s de mentorat, un r\u00e9seau professionnel plus restreint, et des salaires souvent inf\u00e9rieurs \u00e0 ceux des hommes pour des postes similaires. Elles vivent de l\u2019intimidation et de l&#8217;exclusion de la part des autres coll\u00e8gues. Et elles doivent d\u00e9ployer bien plus d\u2019efforts pour obtenir le respect et la cr\u00e9dibilit\u00e9 que leurs homologues masculins re\u00e7oivent naturellement. Ce n\u2019est donc pas un manque d\u2019int\u00e9r\u00eat, mais du d\u00e9couragement face \u00e0 une r\u00e9alit\u00e9 bien en place qui ne change pas malgr\u00e9 les ann\u00e9es qui passent.<\/p>\n<h3 style=\"text-align: center;\">DISCRIMINATION SYST\u00c9MIQUE : ON MET EN DOUTE LE TALENT DES FEMMES.<\/h3>\n<p style=\"text-align: center;\">M\u00eame lorsque des femmes r\u00e9ussissent \u00e0 acc\u00e9der \u00e0 des r\u00f4les de leadership dans le sport, elles doivent continuellement faire face \u00e0 une remise en question de leurs comp\u00e9tences. C\u2019est ici que la discrimination syst\u00e9mique entre en jeu. Contrairement aux hommes, dont l\u2019autorit\u00e9 est g\u00e9n\u00e9ralement accept\u00e9e sans discussion, les femmes sont davantage soumises aux critiques et aux doutes, qu\u2019ils viennent de leurs coll\u00e8gues, des institutions ou du public.<\/p>\n<p style=\"text-align: center;\">Le cas des arbitres f\u00e9minines, par exemple, est embl\u00e9matique. Les femmes officiant dans des comp\u00e9titions sont souvent confront\u00e9es \u00e0 des comportements sexistes, des remarques d\u00e9sobligeantes et une remise en question de leur autorit\u00e9. Pourtant, elles sont form\u00e9es de la m\u00eame mani\u00e8re que leurs homologues masculins, et leurs d\u00e9cisions sont tout aussi valables. Selon l\u2019\u00e9tude de Danford (2019), des arbitres femmes affirment avoir vu \u00e0 plusieurs reprises des officiels plus jeunes et moins comp\u00e9tents qu\u2019elles gravir les \u00e9chelons plus rapidement.<\/p>\n<p style=\"text-align: center;\">Face \u00e0 ces difficult\u00e9s, beaucoup de femmes finissent par quitter ces postes, non pas par manque de motivation, mais parce que l\u2019environnement ne leur permet pas de progresser sereinement. Cela cr\u00e9e un cercle vicieux o\u00f9 la sous-repr\u00e9sentation f\u00e9minine se perp\u00e9tue, faute de mod\u00e8les et de soutien suffisant. Par exemple, selon les donn\u00e9es compil\u00e9es par la <a href=\"https:\/\/sites.fsa.ulaval.ca\/www4\/document\/recherche\/claire-bonenfant\/2019-portrait-statistique-filles-femmes-sports-federes.pdf\">Chaire Claire-Bonenfant (2019)<\/a>, la proportion d\u2019officielles a baiss\u00e9 entre 2004-2005 et 2017-2018, passant de 42 \u00e0 36% \u00e0 l\u2019\u00e9chelle provinciale, de 37 \u00e0 28% \u00e0 l\u2019\u00e9chelle nationale, et de 34 \u00e0 29% \u00e0 l\u2019\u00e9chelle mondiale.<\/p>\n<p style=\"text-align: center;\">Important! La discrimination ne se fait pas seulement par des hommes! Les femmes aussi entretiennent l\u2019id\u00e9e que les hommes font une meilleur job que les femmes dans le sport. Ayant internalis\u00e9es que les femmes sont moins bonnes en sport, il est logique de se dire que les femmes ne feront pas un aussi bon travail dans des postes de pouvoir.<\/p>\n<blockquote class=\"instagram-media\" style=\"background: #FFF; border: 0; border-radius: 3px; box-shadow: 0 0 1px 0 rgba(0,0,0,0.5),0 1px 10px 0 rgba(0,0,0,0.15); margin: 1px; max-width: 540px; min-width: 326px; padding: 0; width: calc(100% - 2px);\" data-instgrm-permalink=\"https:\/\/www.instagram.com\/p\/DCTCx2BpIDy\/?utm_source=ig_embed&amp;utm_campaign=loading\" data-instgrm-version=\"14\">\n<div style=\"padding: 16px;\">\n<p>&nbsp;<\/p>\n<div style=\"display: flex; flex-direction: row; align-items: center;\">\n<div style=\"background-color: #f4f4f4; border-radius: 50%; flex-grow: 0; height: 40px; margin-right: 14px; width: 40px;\"><\/div>\n<div style=\"display: flex; flex-direction: column; flex-grow: 1; justify-content: center;\">\n<div style=\"background-color: #f4f4f4; border-radius: 4px; flex-grow: 0; height: 14px; margin-bottom: 6px; width: 100px;\"><\/div>\n<div style=\"background-color: #f4f4f4; border-radius: 4px; flex-grow: 0; height: 14px; width: 60px;\"><\/div>\n<\/div>\n<\/div>\n<div style=\"padding: 19% 0;\"><\/div>\n<div style=\"display: block; height: 50px; margin: 0 auto 12px; width: 50px;\"><\/div>\n<div style=\"padding-top: 8px;\">\n<div style=\"color: #3897f0; font-family: Arial,sans-serif; font-size: 14px; font-style: normal; font-weight: 550; line-height: 18px;\">Voir cette publication sur Instagram<\/div>\n<\/div>\n<div style=\"padding: 12.5% 0;\"><\/div>\n<div style=\"display: flex; flex-direction: row; margin-bottom: 14px; align-items: center;\">\n<div>\n<div style=\"background-color: #f4f4f4; border-radius: 50%; height: 12.5px; width: 12.5px; transform: translateX(0px) translateY(7px);\"><\/div>\n<div style=\"background-color: #f4f4f4; height: 12.5px; transform: rotate(-45deg) translateX(3px) translateY(1px); width: 12.5px; flex-grow: 0; margin-right: 14px; margin-left: 2px;\"><\/div>\n<div style=\"background-color: #f4f4f4; border-radius: 50%; height: 12.5px; width: 12.5px; transform: translateX(9px) translateY(-18px);\"><\/div>\n<\/div>\n<div style=\"margin-left: 8px;\">\n<div style=\"background-color: #f4f4f4; border-radius: 50%; flex-grow: 0; height: 20px; width: 20px;\"><\/div>\n<div style=\"width: 0; height: 0; border-top: 2px solid transparent; border-left: 6px solid #f4f4f4; border-bottom: 2px solid transparent; transform: translateX(16px) translateY(-4px) rotate(30deg);\"><\/div>\n<\/div>\n<div style=\"margin-left: auto;\">\n<div style=\"width: 0px; border-top: 8px solid #F4F4F4; border-right: 8px solid transparent; transform: translateY(16px);\"><\/div>\n<div style=\"background-color: #f4f4f4; flex-grow: 0; height: 12px; width: 16px; transform: translateY(-4px);\"><\/div>\n<div style=\"width: 0; height: 0; border-top: 8px solid #F4F4F4; border-left: 8px solid transparent; transform: translateY(-4px) translateX(8px);\"><\/div>\n<\/div>\n<\/div>\n<div style=\"display: flex; flex-direction: column; flex-grow: 1; justify-content: center; margin-bottom: 24px;\">\n<div style=\"background-color: #f4f4f4; border-radius: 4px; flex-grow: 0; height: 14px; margin-bottom: 6px; width: 224px;\"><\/div>\n<div style=\"background-color: #f4f4f4; border-radius: 4px; flex-grow: 0; height: 14px; width: 144px;\"><\/div>\n<\/div>\n<p>&nbsp;<\/p>\n<p style=\"color: #c9c8cd; font-family: Arial,sans-serif; font-size: 14px; line-height: 17px; margin-bottom: 0; margin-top: 8px; overflow: hidden; padding: 8px 0 7px; text-align: center; text-overflow: ellipsis; white-space: nowrap;\"><a style=\"color: #c9c8cd; font-family: Arial,sans-serif; font-size: 14px; font-style: normal; font-weight: normal; line-height: 17px; text-decoration: none;\" href=\"https:\/\/www.instagram.com\/p\/DCTCx2BpIDy\/?utm_source=ig_embed&amp;utm_campaign=loading\" target=\"_blank\" rel=\"noopener\">Une publication partag\u00e9e par Joey Yarbrough (@joeygirl.yarbrough)<\/a><\/p>\n<\/div>\n<\/blockquote>\n<p><script async src=\"\/\/www.instagram.com\/embed.js\"><\/script><\/p>\n<p style=\"text-align: center;\">Les athl\u00e8tes f\u00e9minines, rendues \u00e0 un plus haut niveau de comp\u00e9tition, veulent un homme comme entra\u00eeneur, consid\u00e9rant \u00e0 tort qu\u2019ils seront meilleurs. Elles n\u2019ont tout simplement pas vu d\u2019exemple d\u2019athl\u00e8tes de haut niveau coach\u00e9s par une femme dans leur discipline. \u00c7a a \u00e9t\u00e9 la constatation d\u2019une de nos athl\u00e8tes de la rel\u00e8ve pendant une entrevue. Cette prise de conscience l\u2019a marqu\u00e9e de plein fouet : \u2018\u2019Je suis moi-m\u00eame sexiste!\u2019\u2019. On le fait tous sans s\u2019en rendre compte. C&#8217;est pourquoi on en parle l\u00e0!!<\/p>\n<h4 class=\"mceTemp\"><\/h4>\n<p style=\"text-align: center;\">\n\n\t\t<\/div>\n\t<\/div>\n<\/section>\n\n<section block class=\"b-cta text-dark\" data-watch>\n\n\t<div class=\"b-cta-background b-cta-background--color\" data-background-noise>\n\n\t\t\t\t\t<div class=\"b-cta-background-color\"><\/div>\n\t\t\n\t\t\n\t\t\n\t<\/div>\n\n\t<div class=\"b-cta-foreground\">\n\t\t<div class=\"container\">\n\n\t\t\t\n\t\t\t<div class=\"b-cta-body\">\n\n\t\t\t\t\n\t\t\t\t\t\t\t\t\t<div class=\"b-cta-content wysiwyg\" data-break-lines=\"h1, h2, p\">\n\t\t\t\t\t\t<p><img loading=\"lazy\" decoding=\"async\" class=\"aligncenter wp-image-12678\" src=\"https:\/\/tribu.co\/app\/uploads\/2025\/04\/Capture-decran-le-2025-04-11-a-17.27.03.png\" alt=\"\" width=\"850\" height=\"427\" srcset=\"https:\/\/tribu.co\/wp-content\/uploads\/2025\/04\/Capture-decran-le-2025-04-11-a-17.27.03.png 1574w, https:\/\/tribu.co\/wp-content\/uploads\/2025\/04\/Capture-decran-le-2025-04-11-a-17.27.03-300x151.png 300w, https:\/\/tribu.co\/wp-content\/uploads\/2025\/04\/Capture-decran-le-2025-04-11-a-17.27.03-1024x514.png 1024w, https:\/\/tribu.co\/wp-content\/uploads\/2025\/04\/Capture-decran-le-2025-04-11-a-17.27.03-768x385.png 768w, https:\/\/tribu.co\/wp-content\/uploads\/2025\/04\/Capture-decran-le-2025-04-11-a-17.27.03-1536x771.png 1536w\" sizes=\"auto, (max-width: 850px) 100vw, 850px\" \/><\/p>\n\n\t\t\t\t\t<\/div>\n\t\t\t\t\n\t\t\t\t\t\t\t\t\t<a href=\"https:\/\/video.telequebec.tv\/details\/53883\" class=\"cta cta--vertical\">\n\t\t\t\t<div class=\"cta-button\">\n\t\t\t\t\t<div class=\"cta-button-stroke\"><\/div>\n\t\t\t\t\t<div class=\"cta-button-button\">\n\t\t\t\t\t\t<div class=\"cta-link button button--primary\">\n\t\t\t\t\t\t\t<div class=\"button-label\">\n\t\t\t\t\t\t\t\t<h3 style=\"text-align: center;\">\ud83c\udfac LAISSEZ-VOUS INSPIRER<\/h3>\n\n\t\t\t\t\t\t\t<\/div>\n\t\t\t\t\t\t<\/div><\/div>\n\t\t\t\t<\/div>\n\t\t\t<\/a>\n\t\t\t\t\n\t\t\t<\/div>\n\n\t\t\t\n\t\t<\/div>\n\t<\/div>\n\n<\/section>\n\n<section block class=\"b-text\" data-watch>\n\t<div class=\"container-narrow container--align-left\">\n\t\t<div class=\"b-text-content wysiwyg wysiwyg--text\">\n\t\t\t<h3 style=\"text-align: center;\">IMPACT POSITIF D\u2019UN LEADERSHIP F\u00c9MININ RENFORC\u00c9<\/h3>\n<p style=\"text-align: center;\">Pourquoi est-il si important d\u2019avoir plus de femmes dans les r\u00f4les d\u00e9cisionnels? <a href=\"https:\/\/www.instagram.com\/florence.dubemoreau\/\">Florence-Agathe Dub\u00e9-Moreau<\/a> r\u00e9pond tr\u00e8s bien \u00e0 cette question dans<a href=\"https:\/\/video.telequebec.tv\/details\/53883\"> le documentaire Sportives sur l\u2019Adr\u00e9naline<\/a> : \u2018\u2019 <em>Ce n\u2019est pas compliqu\u00e9, c\u2019est le principe de diversit\u00e9. Si on est toute la m\u00eame personne autour de la table, on risque de prendre des d\u00e9cisions qui vont nous ressembler. Mais s\u2019il y a des personnes diff\u00e9rentes autour de la table, \u00e7a \u00e9limine des angles morts et il y a une plus grande sensibilit\u00e9 \u00e0 des r\u00e9alit\u00e9s diff\u00e9rentes, et donc plus de justice dans le sport<\/em> !\u2019\u2019 Lorsqu\u2019une \u00e9quipe dirigeante est compos\u00e9e de personnes provenant d\u2019horizons diff\u00e9rents, elle est plus \u00e0 m\u00eame de comprendre les besoins de tous les acteurs du sport et de proposer des solutions plus inclusives.<\/p>\n<blockquote class=\"instagram-media\" style=\"background: #FFF; border: 0; border-radius: 3px; box-shadow: 0 0 1px 0 rgba(0,0,0,0.5),0 1px 10px 0 rgba(0,0,0,0.15); margin: 1px; max-width: 540px; min-width: 326px; padding: 0; width: calc(100% - 2px);\" data-instgrm-permalink=\"https:\/\/www.instagram.com\/reel\/C-uxPyYp-Lc\/?utm_source=ig_embed&amp;utm_campaign=loading\" data-instgrm-version=\"14\">\n<div style=\"padding: 16px;\">\n<p>&nbsp;<\/p>\n<div style=\"display: flex; flex-direction: row; align-items: center;\">\n<div style=\"background-color: #f4f4f4; border-radius: 50%; flex-grow: 0; height: 40px; margin-right: 14px; width: 40px;\"><\/div>\n<div style=\"display: flex; flex-direction: column; flex-grow: 1; justify-content: center;\">\n<div style=\"background-color: #f4f4f4; border-radius: 4px; flex-grow: 0; height: 14px; margin-bottom: 6px; width: 100px;\"><\/div>\n<div style=\"background-color: #f4f4f4; border-radius: 4px; flex-grow: 0; height: 14px; width: 60px;\"><\/div>\n<\/div>\n<\/div>\n<div style=\"padding: 19% 0;\"><\/div>\n<div style=\"display: block; height: 50px; margin: 0 auto 12px; width: 50px;\"><\/div>\n<div style=\"padding-top: 8px;\">\n<div style=\"color: #3897f0; font-family: Arial,sans-serif; font-size: 14px; font-style: normal; font-weight: 550; line-height: 18px;\">Voir cette publication sur Instagram<\/div>\n<\/div>\n<div style=\"padding: 12.5% 0;\"><\/div>\n<div style=\"display: flex; flex-direction: row; margin-bottom: 14px; align-items: center;\">\n<div>\n<div style=\"background-color: #f4f4f4; border-radius: 50%; height: 12.5px; width: 12.5px; transform: translateX(0px) translateY(7px);\"><\/div>\n<div style=\"background-color: #f4f4f4; height: 12.5px; transform: rotate(-45deg) translateX(3px) translateY(1px); width: 12.5px; flex-grow: 0; margin-right: 14px; margin-left: 2px;\"><\/div>\n<div style=\"background-color: #f4f4f4; border-radius: 50%; height: 12.5px; width: 12.5px; transform: translateX(9px) translateY(-18px);\"><\/div>\n<\/div>\n<div style=\"margin-left: 8px;\">\n<div style=\"background-color: #f4f4f4; border-radius: 50%; flex-grow: 0; height: 20px; width: 20px;\"><\/div>\n<div style=\"width: 0; height: 0; border-top: 2px solid transparent; border-left: 6px solid #f4f4f4; border-bottom: 2px solid transparent; transform: translateX(16px) translateY(-4px) rotate(30deg);\"><\/div>\n<\/div>\n<div style=\"margin-left: auto;\">\n<div style=\"width: 0px; border-top: 8px solid #F4F4F4; border-right: 8px solid transparent; transform: translateY(16px);\"><\/div>\n<div style=\"background-color: #f4f4f4; flex-grow: 0; height: 12px; width: 16px; transform: translateY(-4px);\"><\/div>\n<div style=\"width: 0; height: 0; border-top: 8px solid #F4F4F4; border-left: 8px solid transparent; transform: translateY(-4px) translateX(8px);\"><\/div>\n<\/div>\n<\/div>\n<div style=\"display: flex; flex-direction: column; flex-grow: 1; justify-content: center; margin-bottom: 24px;\">\n<div style=\"background-color: #f4f4f4; border-radius: 4px; flex-grow: 0; height: 14px; margin-bottom: 6px; width: 224px;\"><\/div>\n<div style=\"background-color: #f4f4f4; border-radius: 4px; flex-grow: 0; height: 14px; width: 144px;\"><\/div>\n<\/div>\n<p>&nbsp;<\/p>\n<p style=\"color: #c9c8cd; font-family: Arial,sans-serif; font-size: 14px; line-height: 17px; margin-bottom: 0; margin-top: 8px; overflow: hidden; padding: 8px 0 7px; text-align: center; text-overflow: ellipsis; white-space: nowrap;\"><a style=\"color: #c9c8cd; font-family: Arial,sans-serif; font-size: 14px; font-style: normal; font-weight: normal; line-height: 17px; text-decoration: none;\" href=\"https:\/\/www.instagram.com\/reel\/C-uxPyYp-Lc\/?utm_source=ig_embed&amp;utm_campaign=loading\" target=\"_blank\" rel=\"noopener\">Une publication partag\u00e9e par Sans Restriction (@sansrestriction)<\/a><\/p>\n<\/div>\n<\/blockquote>\n<p><script async src=\"\/\/www.instagram.com\/embed.js\"><\/script><\/p>\n<p style=\"text-align: center;\">De plus, selon <a href=\"https:\/\/www.researchgate.net\/publication\/336190170_Are_Women_Coached_by_Women_More_Likely_to_Become_Sport_Coaches_Head_Coach_Gender_and_Female_Collegiate_Athletes%27_Entry_into_the_Coaching_Profession\">une r\u00e9cente \u00e9tude<\/a>, les athl\u00e8tes f\u00e9minines qui se sont lanc\u00e9es dans l\u2019entra\u00eenement avaient 4,1 fois plus de chances d\u2019y rester si elles avaient une femme comme entra\u00eeneur en chef. Cela nous indique que la repr\u00e9sentation et les mod\u00e8les de r\u00f4le sont essentiels pour retenir les femmes qui sont d\u00e9j\u00e0 dans le domaine.\u00a0 En veillant \u00e0 ce que le paysage de l\u2019entra\u00eenement sportif canadien soit plus \u00e9quitable, nous verrons une augmentation de la participation des femmes dans les r\u00f4les d\u2019entra\u00eeneur et de leader, ce qui contribuera \u00e0 accro\u00eetre la participation des filles au sport et \u00e0 l\u2019activit\u00e9 physique.<\/p>\n<h3 style=\"text-align: center;\">QUELQUES SOLUTION POUR PLUS DE FEMMES DANS DES R\u00d4LES DE POUVOIR<\/h3>\n<p style=\"text-align: center;\">Parmi les solutions envisageables, on peut citer les quotas de recrutement, qui sont une premi\u00e8re \u00e9tape pour assurer une parit\u00e9 plus \u00e9quitable.<\/p>\n<p style=\"text-align: center;\">Ces quotas sont un moyen d\u2019acc\u00e9l\u00e9rer le changement et de lutter contre l\u2019auto-reproduction des m\u00eames m\u00e9canismes discriminants. Guylaine Demer, sp\u00e9cialiste en sport f\u00e9minin le mentionne dans <a href=\"https:\/\/video.telequebec.tv\/details\/53883\">le documentaire<\/a>: \u2018\u2019<em>S\u2019il n\u2019y a pas au moins 30% de voix f\u00e9minine autour d\u2019une table, notre voix n\u2019a pas de poids<\/em>!\u2019\u2019<\/p>\n<p style=\"text-align: center;\">Aussi, il est vrai que la pr\u00e9sence majoritaire d\u2019hommes dans les postes de pouvoir renforce l\u2019attribution des r\u00f4les d\u00e9cisionnels \u00e0 des hommes parce que c\u2019est tout simplement un r\u00e9flexe. Mais il y a de plus en plus d\u2019hommes alli\u00e9s qui se tournent vers les femmes qui n\u2019auraient pas n\u00e9cessairement pens\u00e9 elle-m\u00eame se proposer. Ce fut le cas pour <a href=\"https:\/\/www.instagram.com\/nnieguglia\/\">Annie Guglia<\/a>, aujourd\u2019hui premi\u00e8re pr\u00e9sidente de <a href=\"https:\/\/www.canadaskateboard.ca\/\">Canada Skateboard<\/a>.<\/p>\n<figure id=\"attachment_12618\" aria-describedby=\"caption-attachment-12618\" style=\"width: 450px\" class=\"wp-caption aligncenter\"><img loading=\"lazy\" decoding=\"async\" class=\"wp-image-12618\" src=\"https:\/\/tribu.co\/app\/uploads\/2025\/04\/Annie-Guglia-canada-skateboard-200x300.jpeg\" alt=\"\" width=\"450\" height=\"675\" srcset=\"https:\/\/tribu.co\/wp-content\/uploads\/2025\/04\/Annie-Guglia-canada-skateboard-200x300.jpeg 200w, https:\/\/tribu.co\/wp-content\/uploads\/2025\/04\/Annie-Guglia-canada-skateboard-683x1024.jpeg 683w, https:\/\/tribu.co\/wp-content\/uploads\/2025\/04\/Annie-Guglia-canada-skateboard-768x1152.jpeg 768w, https:\/\/tribu.co\/wp-content\/uploads\/2025\/04\/Annie-Guglia-canada-skateboard-1024x1536.jpeg 1024w, https:\/\/tribu.co\/wp-content\/uploads\/2025\/04\/Annie-Guglia-canada-skateboard.jpeg 1366w\" sizes=\"auto, (max-width: 450px) 100vw, 450px\" \/><figcaption id=\"caption-attachment-12618\" class=\"wp-caption-text\">Alexandre Champagne<\/figcaption><\/figure>\n<p style=\"text-align: center;\">Son pr\u00e9d\u00e9cesseur l\u2019a fortement encourag\u00e9e \u00e0 postuler pour le remplacer comme il ne voyait personne d\u2019autres d\u2019aussi impliqu\u00e9 et passionn\u00e9 par le skate. Il est important de mentionner que plusieurs hommes sont d\u2019accord et veulent voir les femmes prendre leur place.<\/p>\n<p style=\"text-align: center;\">Une autre solution consiste \u00e0 \u00e9largir le cercle de r\u00e9f\u00e9rence lors des processus de recrutement. Il est important que les offres de postes soient r\u00e9dig\u00e9es de mani\u00e8re inclusive, en incluant des formules f\u00e9minines et masculines pour \u00e9viter de d\u00e9courager les femmes potentiellement int\u00e9ress\u00e9es.<\/p>\n<p style=\"text-align: center;\">De plus, une solution serait d\u2019offrir, d\u00e8s l\u2019enfance, une mixit\u00e9 des genres comme entra\u00eeneur(e)s. Cr\u00e9er des \u00e9quipes d\u2019assistant coach femme et coach homme, et vice versa. Si les gar\u00e7ons et les filles voient d\u00e8s leur jeune \u00e2ge que des femmes occupent des postes de pouvoir, cela contribuera \u00e0 d\u00e9construire les st\u00e9r\u00e9otypes de genre et \u00e0 cr\u00e9er une v\u00e9ritable \u00e9galit\u00e9 des chances.<\/p>\n<h3 style=\"text-align: center;\">OH QUE OUI ON VA Y ARRIVER TOUS ENSEMBLE !<\/h3>\n<p style=\"text-align: center;\">L\u2019\u00e9galit\u00e9 des sexes dans le domaine sportif n\u2019est pas un objectif utopique, mais un imp\u00e9ratif moral et social. Augmenter la repr\u00e9sentation des femmes dans les r\u00f4les de leadership permettrait non seulement d\u2019offrir plus de visibilit\u00e9 et de possibilit\u00e9s aux futures g\u00e9n\u00e9rations de sportives, mais aussi de garantir un environnement plus juste et plus \u00e9quilibr\u00e9 pour tous.<\/p>\n<h3 style=\"text-align: center;\">Il est temps de changer les mentalit\u00e9s, de remettre en question les pratiques discriminatoires et d\u2019\u0153uvrer pour un univers sportif v\u00e9ritablement inclusif. On l\u00e2che pas gang!!<\/h3>\n<p>&nbsp;<\/p>\n\n\t\t<\/div>\n\t<\/div>\n<\/section>","protected":false},"excerpt":{"rendered":"","protected":false},"author":25,"featured_media":12555,"comment_status":"closed","ping_status":"closed","sticky":true,"template":"","format":"standard","meta":{"_acf_changed":false,"content-type":"","footnotes":""},"categories":[2,95,94],"tags":[97,111,155,106,98,121],"class_list":["post-12499","post","type-post","status-publish","format-standard","has-post-thumbnail","hentry","category-international","category-news","category-sports-action","tag-contenu","tag-evenement","tag-festival","tag-marketing","tag-sports","tag-tribu"],"acf":[],"yoast_head":"<!-- This site is optimized with the Yoast SEO plugin v26.7 - https:\/\/yoast.com\/wordpress\/plugins\/seo\/ -->\n<title>Leadership f\u00e9minin dans le sport : les d\u00e9fis \u00e0 relever pour avancer vers une v\u00e9ritable \u00e9quit\u00e9 - Tribu Exp\u00e9rientiel<\/title>\n<meta name=\"description\" content=\"Leadership f\u00e9minin dans le sport : les d\u00e9fis \u00e0 relever pour avancer vers une v\u00e9ritable \u00e9quit\u00e9. Au sein des organisations sportives, les femmes sont consid\u00e9rablement sous-repr\u00e9sent\u00e9es dans les postes de pouvoir, que ce soit au sein des conseils d\u2019administration, dans les postes d\u00e9cisionnels (direction g\u00e9n\u00e9rale) et d\u2019autorit\u00e9 (officielles et entra\u00eeneures).\" \/>\n<meta name=\"robots\" content=\"index, follow, max-snippet:-1, max-image-preview:large, max-video-preview:-1\" \/>\n<link rel=\"canonical\" href=\"https:\/\/tribu.co\/fr\/leadership-feminin-dans-le-sport-les-defis-a-relever-pour-avancer-vers-une-veritable-equite\/\" \/>\n<meta property=\"og:locale\" content=\"fr_CA\" \/>\n<meta property=\"og:type\" content=\"article\" \/>\n<meta property=\"og:title\" content=\"Leadership f\u00e9minin dans le sport : les d\u00e9fis \u00e0 relever pour avancer vers une v\u00e9ritable \u00e9quit\u00e9 - Tribu Exp\u00e9rientiel\" \/>\n<meta property=\"og:description\" content=\"Leadership f\u00e9minin dans le sport : les d\u00e9fis \u00e0 relever pour avancer vers une v\u00e9ritable \u00e9quit\u00e9. Au sein des organisations sportives, les femmes sont consid\u00e9rablement sous-repr\u00e9sent\u00e9es dans les postes de pouvoir, que ce soit au sein des conseils d\u2019administration, dans les postes d\u00e9cisionnels (direction g\u00e9n\u00e9rale) et d\u2019autorit\u00e9 (officielles et entra\u00eeneures).\" \/>\n<meta property=\"og:url\" content=\"https:\/\/tribu.co\/fr\/leadership-feminin-dans-le-sport-les-defis-a-relever-pour-avancer-vers-une-veritable-equite\/\" \/>\n<meta property=\"og:site_name\" content=\"Tribu Exp\u00e9rientiel\" \/>\n<meta property=\"article:publisher\" content=\"https:\/\/www.facebook.com\/TribuExperientiel\/\" \/>\n<meta property=\"article:published_time\" content=\"2025-04-11T21:20:28+00:00\" \/>\n<meta property=\"article:modified_time\" content=\"2025-06-30T19:36:25+00:00\" \/>\n<meta property=\"og:image\" content=\"https:\/\/tribu.co\/app\/uploads\/2025\/04\/PODIUM-VB-2024-scaled-e1744388743743.jpg\" \/>\n\t<meta property=\"og:image:width\" content=\"2560\" \/>\n\t<meta property=\"og:image:height\" content=\"1233\" \/>\n\t<meta property=\"og:image:type\" content=\"image\/jpeg\" \/>\n<meta name=\"author\" content=\"joaniegareau\" \/>\n<meta name=\"twitter:card\" content=\"summary_large_image\" \/>\n<meta name=\"twitter:creator\" content=\"@tribu_exp\" \/>\n<meta name=\"twitter:site\" content=\"@tribu_exp\" \/>\n<meta name=\"twitter:label1\" content=\"Written by\" \/>\n\t<meta name=\"twitter:data1\" content=\"joaniegareau\" \/>\n\t<meta name=\"twitter:label2\" content=\"Est. reading time\" \/>\n\t<meta name=\"twitter:data2\" content=\"1 minute\" \/>\n<script type=\"application\/ld+json\" class=\"yoast-schema-graph\">{\"@context\":\"https:\/\/schema.org\",\"@graph\":[{\"@type\":\"Article\",\"@id\":\"https:\/\/tribu.co\/fr\/leadership-feminin-dans-le-sport-les-defis-a-relever-pour-avancer-vers-une-veritable-equite\/#article\",\"isPartOf\":{\"@id\":\"https:\/\/tribu.co\/fr\/leadership-feminin-dans-le-sport-les-defis-a-relever-pour-avancer-vers-une-veritable-equite\/\"},\"author\":{\"name\":\"joaniegareau\",\"@id\":\"https:\/\/tribu.co\/#\/schema\/person\/bf31833252ce6f4c11f935df2b0e4f9f\"},\"headline\":\"Leadership f\u00e9minin dans le sport : les d\u00e9fis \u00e0 relever pour avancer vers une v\u00e9ritable \u00e9quit\u00e9\",\"datePublished\":\"2025-04-11T21:20:28+00:00\",\"dateModified\":\"2025-06-30T19:36:25+00:00\",\"mainEntityOfPage\":{\"@id\":\"https:\/\/tribu.co\/fr\/leadership-feminin-dans-le-sport-les-defis-a-relever-pour-avancer-vers-une-veritable-equite\/\"},\"wordCount\":17,\"publisher\":{\"@id\":\"https:\/\/tribu.co\/#organization\"},\"image\":{\"@id\":\"https:\/\/tribu.co\/fr\/leadership-feminin-dans-le-sport-les-defis-a-relever-pour-avancer-vers-une-veritable-equite\/#primaryimage\"},\"thumbnailUrl\":\"https:\/\/tribu.co\/wp-content\/uploads\/2025\/04\/PODIUM-VB-2024-scaled-e1744388743743.jpg\",\"keywords\":[\"contenu\",\"\u00e9v\u00e8nement\",\"festival\",\"marketing\",\"sports\",\"tribu\"],\"articleSection\":[\"International\",\"News\",\"Sports d'action\"],\"inLanguage\":\"fr-CA\"},{\"@type\":\"WebPage\",\"@id\":\"https:\/\/tribu.co\/fr\/leadership-feminin-dans-le-sport-les-defis-a-relever-pour-avancer-vers-une-veritable-equite\/\",\"url\":\"https:\/\/tribu.co\/fr\/leadership-feminin-dans-le-sport-les-defis-a-relever-pour-avancer-vers-une-veritable-equite\/\",\"name\":\"Leadership f\u00e9minin dans le sport : les d\u00e9fis \u00e0 relever pour avancer vers une v\u00e9ritable \u00e9quit\u00e9 - Tribu Exp\u00e9rientiel\",\"isPartOf\":{\"@id\":\"https:\/\/tribu.co\/#website\"},\"primaryImageOfPage\":{\"@id\":\"https:\/\/tribu.co\/fr\/leadership-feminin-dans-le-sport-les-defis-a-relever-pour-avancer-vers-une-veritable-equite\/#primaryimage\"},\"image\":{\"@id\":\"https:\/\/tribu.co\/fr\/leadership-feminin-dans-le-sport-les-defis-a-relever-pour-avancer-vers-une-veritable-equite\/#primaryimage\"},\"thumbnailUrl\":\"https:\/\/tribu.co\/wp-content\/uploads\/2025\/04\/PODIUM-VB-2024-scaled-e1744388743743.jpg\",\"datePublished\":\"2025-04-11T21:20:28+00:00\",\"dateModified\":\"2025-06-30T19:36:25+00:00\",\"description\":\"Leadership f\u00e9minin dans le sport : les d\u00e9fis \u00e0 relever pour avancer vers une v\u00e9ritable \u00e9quit\u00e9. Au sein des organisations sportives, les femmes sont consid\u00e9rablement sous-repr\u00e9sent\u00e9es dans les postes de pouvoir, que ce soit au sein des conseils d\u2019administration, dans les postes d\u00e9cisionnels (direction g\u00e9n\u00e9rale) et d\u2019autorit\u00e9 (officielles et entra\u00eeneures).\",\"breadcrumb\":{\"@id\":\"https:\/\/tribu.co\/fr\/leadership-feminin-dans-le-sport-les-defis-a-relever-pour-avancer-vers-une-veritable-equite\/#breadcrumb\"},\"inLanguage\":\"fr-CA\",\"potentialAction\":[{\"@type\":\"ReadAction\",\"target\":[\"https:\/\/tribu.co\/fr\/leadership-feminin-dans-le-sport-les-defis-a-relever-pour-avancer-vers-une-veritable-equite\/\"]}]},{\"@type\":\"ImageObject\",\"inLanguage\":\"fr-CA\",\"@id\":\"https:\/\/tribu.co\/fr\/leadership-feminin-dans-le-sport-les-defis-a-relever-pour-avancer-vers-une-veritable-equite\/#primaryimage\",\"url\":\"https:\/\/tribu.co\/wp-content\/uploads\/2025\/04\/PODIUM-VB-2024-scaled-e1744388743743.jpg\",\"contentUrl\":\"https:\/\/tribu.co\/wp-content\/uploads\/2025\/04\/PODIUM-VB-2024-scaled-e1744388743743.jpg\",\"width\":2560,\"height\":1233},{\"@type\":\"BreadcrumbList\",\"@id\":\"https:\/\/tribu.co\/fr\/leadership-feminin-dans-le-sport-les-defis-a-relever-pour-avancer-vers-une-veritable-equite\/#breadcrumb\",\"itemListElement\":[{\"@type\":\"ListItem\",\"position\":1,\"name\":\"Home\",\"item\":\"https:\/\/tribu.co\/fr\/accueil\/\"},{\"@type\":\"ListItem\",\"position\":2,\"name\":\"Leadership f\u00e9minin dans le sport : les d\u00e9fis \u00e0 relever pour avancer vers une v\u00e9ritable \u00e9quit\u00e9\"}]},{\"@type\":\"WebSite\",\"@id\":\"https:\/\/tribu.co\/#website\",\"url\":\"https:\/\/tribu.co\/\",\"name\":\"Tribu\",\"description\":\"Integrated experiences\",\"publisher\":{\"@id\":\"https:\/\/tribu.co\/#organization\"},\"potentialAction\":[{\"@type\":\"SearchAction\",\"target\":{\"@type\":\"EntryPoint\",\"urlTemplate\":\"https:\/\/tribu.co\/?s={search_term_string}\"},\"query-input\":{\"@type\":\"PropertyValueSpecification\",\"valueRequired\":true,\"valueName\":\"search_term_string\"}}],\"inLanguage\":\"fr-CA\"},{\"@type\":\"Organization\",\"@id\":\"https:\/\/tribu.co\/#organization\",\"name\":\"Tribu\",\"url\":\"https:\/\/tribu.co\/\",\"logo\":{\"@type\":\"ImageObject\",\"inLanguage\":\"fr-CA\",\"@id\":\"https:\/\/tribu.co\/#\/schema\/logo\/image\/\",\"url\":\"https:\/\/tribu.co\/app\/uploads\/2020\/03\/Tribu-Header.png\",\"contentUrl\":\"https:\/\/tribu.co\/app\/uploads\/2020\/03\/Tribu-Header.png\",\"width\":2500,\"height\":1398,\"caption\":\"Tribu\"},\"image\":{\"@id\":\"https:\/\/tribu.co\/#\/schema\/logo\/image\/\"},\"sameAs\":[\"https:\/\/www.facebook.com\/TribuExperientiel\/\",\"https:\/\/x.com\/tribu_exp\",\"https:\/\/www.instagram.com\/tribuexperientiel\/\",\"https:\/\/www.linkedin.com\/tribuexperientiel\/\"]},{\"@type\":\"Person\",\"@id\":\"https:\/\/tribu.co\/#\/schema\/person\/bf31833252ce6f4c11f935df2b0e4f9f\",\"name\":\"joaniegareau\",\"image\":{\"@type\":\"ImageObject\",\"inLanguage\":\"fr-CA\",\"@id\":\"https:\/\/tribu.co\/#\/schema\/person\/image\/\",\"url\":\"https:\/\/secure.gravatar.com\/avatar\/fa7cd5129655f189e3adf98fdde82f337f0f00950ab90118e99e15684bbb8193?s=96&d=mm&r=g\",\"contentUrl\":\"https:\/\/secure.gravatar.com\/avatar\/fa7cd5129655f189e3adf98fdde82f337f0f00950ab90118e99e15684bbb8193?s=96&d=mm&r=g\",\"caption\":\"joaniegareau\"},\"url\":\"https:\/\/tribu.co\/fr\/author\/joaniegareau\/\"}]}<\/script>\n<!-- \/ Yoast SEO plugin. -->","yoast_head_json":{"title":"Leadership f\u00e9minin dans le sport : les d\u00e9fis \u00e0 relever pour avancer vers une v\u00e9ritable \u00e9quit\u00e9 - Tribu Exp\u00e9rientiel","description":"Leadership f\u00e9minin dans le sport : les d\u00e9fis \u00e0 relever pour avancer vers une v\u00e9ritable \u00e9quit\u00e9. Au sein des organisations sportives, les femmes sont consid\u00e9rablement sous-repr\u00e9sent\u00e9es dans les postes de pouvoir, que ce soit au sein des conseils d\u2019administration, dans les postes d\u00e9cisionnels (direction g\u00e9n\u00e9rale) et d\u2019autorit\u00e9 (officielles et entra\u00eeneures).","robots":{"index":"index","follow":"follow","max-snippet":"max-snippet:-1","max-image-preview":"max-image-preview:large","max-video-preview":"max-video-preview:-1"},"canonical":"https:\/\/tribu.co\/fr\/leadership-feminin-dans-le-sport-les-defis-a-relever-pour-avancer-vers-une-veritable-equite\/","og_locale":"fr_CA","og_type":"article","og_title":"Leadership f\u00e9minin dans le sport : les d\u00e9fis \u00e0 relever pour avancer vers une v\u00e9ritable \u00e9quit\u00e9 - Tribu Exp\u00e9rientiel","og_description":"Leadership f\u00e9minin dans le sport : les d\u00e9fis \u00e0 relever pour avancer vers une v\u00e9ritable \u00e9quit\u00e9. Au sein des organisations sportives, les femmes sont consid\u00e9rablement sous-repr\u00e9sent\u00e9es dans les postes de pouvoir, que ce soit au sein des conseils d\u2019administration, dans les postes d\u00e9cisionnels (direction g\u00e9n\u00e9rale) et d\u2019autorit\u00e9 (officielles et entra\u00eeneures).","og_url":"https:\/\/tribu.co\/fr\/leadership-feminin-dans-le-sport-les-defis-a-relever-pour-avancer-vers-une-veritable-equite\/","og_site_name":"Tribu Exp\u00e9rientiel","article_publisher":"https:\/\/www.facebook.com\/TribuExperientiel\/","article_published_time":"2025-04-11T21:20:28+00:00","article_modified_time":"2025-06-30T19:36:25+00:00","og_image":[{"width":2560,"height":1233,"url":"https:\/\/tribu.co\/app\/uploads\/2025\/04\/PODIUM-VB-2024-scaled-e1744388743743.jpg","type":"image\/jpeg"}],"author":"joaniegareau","twitter_card":"summary_large_image","twitter_creator":"@tribu_exp","twitter_site":"@tribu_exp","twitter_misc":{"Written by":"joaniegareau","Est. reading time":"1 minute"},"schema":{"@context":"https:\/\/schema.org","@graph":[{"@type":"Article","@id":"https:\/\/tribu.co\/fr\/leadership-feminin-dans-le-sport-les-defis-a-relever-pour-avancer-vers-une-veritable-equite\/#article","isPartOf":{"@id":"https:\/\/tribu.co\/fr\/leadership-feminin-dans-le-sport-les-defis-a-relever-pour-avancer-vers-une-veritable-equite\/"},"author":{"name":"joaniegareau","@id":"https:\/\/tribu.co\/#\/schema\/person\/bf31833252ce6f4c11f935df2b0e4f9f"},"headline":"Leadership f\u00e9minin dans le sport : les d\u00e9fis \u00e0 relever pour avancer vers une v\u00e9ritable \u00e9quit\u00e9","datePublished":"2025-04-11T21:20:28+00:00","dateModified":"2025-06-30T19:36:25+00:00","mainEntityOfPage":{"@id":"https:\/\/tribu.co\/fr\/leadership-feminin-dans-le-sport-les-defis-a-relever-pour-avancer-vers-une-veritable-equite\/"},"wordCount":17,"publisher":{"@id":"https:\/\/tribu.co\/#organization"},"image":{"@id":"https:\/\/tribu.co\/fr\/leadership-feminin-dans-le-sport-les-defis-a-relever-pour-avancer-vers-une-veritable-equite\/#primaryimage"},"thumbnailUrl":"https:\/\/tribu.co\/wp-content\/uploads\/2025\/04\/PODIUM-VB-2024-scaled-e1744388743743.jpg","keywords":["contenu","\u00e9v\u00e8nement","festival","marketing","sports","tribu"],"articleSection":["International","News","Sports d'action"],"inLanguage":"fr-CA"},{"@type":"WebPage","@id":"https:\/\/tribu.co\/fr\/leadership-feminin-dans-le-sport-les-defis-a-relever-pour-avancer-vers-une-veritable-equite\/","url":"https:\/\/tribu.co\/fr\/leadership-feminin-dans-le-sport-les-defis-a-relever-pour-avancer-vers-une-veritable-equite\/","name":"Leadership f\u00e9minin dans le sport : les d\u00e9fis \u00e0 relever pour avancer vers une v\u00e9ritable \u00e9quit\u00e9 - Tribu Exp\u00e9rientiel","isPartOf":{"@id":"https:\/\/tribu.co\/#website"},"primaryImageOfPage":{"@id":"https:\/\/tribu.co\/fr\/leadership-feminin-dans-le-sport-les-defis-a-relever-pour-avancer-vers-une-veritable-equite\/#primaryimage"},"image":{"@id":"https:\/\/tribu.co\/fr\/leadership-feminin-dans-le-sport-les-defis-a-relever-pour-avancer-vers-une-veritable-equite\/#primaryimage"},"thumbnailUrl":"https:\/\/tribu.co\/wp-content\/uploads\/2025\/04\/PODIUM-VB-2024-scaled-e1744388743743.jpg","datePublished":"2025-04-11T21:20:28+00:00","dateModified":"2025-06-30T19:36:25+00:00","description":"Leadership f\u00e9minin dans le sport : les d\u00e9fis \u00e0 relever pour avancer vers une v\u00e9ritable \u00e9quit\u00e9. Au sein des organisations sportives, les femmes sont consid\u00e9rablement sous-repr\u00e9sent\u00e9es dans les postes de pouvoir, que ce soit au sein des conseils d\u2019administration, dans les postes d\u00e9cisionnels (direction g\u00e9n\u00e9rale) et d\u2019autorit\u00e9 (officielles et entra\u00eeneures).","breadcrumb":{"@id":"https:\/\/tribu.co\/fr\/leadership-feminin-dans-le-sport-les-defis-a-relever-pour-avancer-vers-une-veritable-equite\/#breadcrumb"},"inLanguage":"fr-CA","potentialAction":[{"@type":"ReadAction","target":["https:\/\/tribu.co\/fr\/leadership-feminin-dans-le-sport-les-defis-a-relever-pour-avancer-vers-une-veritable-equite\/"]}]},{"@type":"ImageObject","inLanguage":"fr-CA","@id":"https:\/\/tribu.co\/fr\/leadership-feminin-dans-le-sport-les-defis-a-relever-pour-avancer-vers-une-veritable-equite\/#primaryimage","url":"https:\/\/tribu.co\/wp-content\/uploads\/2025\/04\/PODIUM-VB-2024-scaled-e1744388743743.jpg","contentUrl":"https:\/\/tribu.co\/wp-content\/uploads\/2025\/04\/PODIUM-VB-2024-scaled-e1744388743743.jpg","width":2560,"height":1233},{"@type":"BreadcrumbList","@id":"https:\/\/tribu.co\/fr\/leadership-feminin-dans-le-sport-les-defis-a-relever-pour-avancer-vers-une-veritable-equite\/#breadcrumb","itemListElement":[{"@type":"ListItem","position":1,"name":"Home","item":"https:\/\/tribu.co\/fr\/accueil\/"},{"@type":"ListItem","position":2,"name":"Leadership f\u00e9minin dans le sport : les d\u00e9fis \u00e0 relever pour avancer vers une v\u00e9ritable \u00e9quit\u00e9"}]},{"@type":"WebSite","@id":"https:\/\/tribu.co\/#website","url":"https:\/\/tribu.co\/","name":"Tribu","description":"Integrated experiences","publisher":{"@id":"https:\/\/tribu.co\/#organization"},"potentialAction":[{"@type":"SearchAction","target":{"@type":"EntryPoint","urlTemplate":"https:\/\/tribu.co\/?s={search_term_string}"},"query-input":{"@type":"PropertyValueSpecification","valueRequired":true,"valueName":"search_term_string"}}],"inLanguage":"fr-CA"},{"@type":"Organization","@id":"https:\/\/tribu.co\/#organization","name":"Tribu","url":"https:\/\/tribu.co\/","logo":{"@type":"ImageObject","inLanguage":"fr-CA","@id":"https:\/\/tribu.co\/#\/schema\/logo\/image\/","url":"https:\/\/tribu.co\/app\/uploads\/2020\/03\/Tribu-Header.png","contentUrl":"https:\/\/tribu.co\/app\/uploads\/2020\/03\/Tribu-Header.png","width":2500,"height":1398,"caption":"Tribu"},"image":{"@id":"https:\/\/tribu.co\/#\/schema\/logo\/image\/"},"sameAs":["https:\/\/www.facebook.com\/TribuExperientiel\/","https:\/\/x.com\/tribu_exp","https:\/\/www.instagram.com\/tribuexperientiel\/","https:\/\/www.linkedin.com\/tribuexperientiel\/"]},{"@type":"Person","@id":"https:\/\/tribu.co\/#\/schema\/person\/bf31833252ce6f4c11f935df2b0e4f9f","name":"joaniegareau","image":{"@type":"ImageObject","inLanguage":"fr-CA","@id":"https:\/\/tribu.co\/#\/schema\/person\/image\/","url":"https:\/\/secure.gravatar.com\/avatar\/fa7cd5129655f189e3adf98fdde82f337f0f00950ab90118e99e15684bbb8193?s=96&d=mm&r=g","contentUrl":"https:\/\/secure.gravatar.com\/avatar\/fa7cd5129655f189e3adf98fdde82f337f0f00950ab90118e99e15684bbb8193?s=96&d=mm&r=g","caption":"joaniegareau"},"url":"https:\/\/tribu.co\/fr\/author\/joaniegareau\/"}]}},"_links":{"self":[{"href":"https:\/\/tribu.co\/fr\/wp-json\/wp\/v2\/posts\/12499","targetHints":{"allow":["GET"]}}],"collection":[{"href":"https:\/\/tribu.co\/fr\/wp-json\/wp\/v2\/posts"}],"about":[{"href":"https:\/\/tribu.co\/fr\/wp-json\/wp\/v2\/types\/post"}],"author":[{"embeddable":true,"href":"https:\/\/tribu.co\/fr\/wp-json\/wp\/v2\/users\/25"}],"replies":[{"embeddable":true,"href":"https:\/\/tribu.co\/fr\/wp-json\/wp\/v2\/comments?post=12499"}],"version-history":[{"count":122,"href":"https:\/\/tribu.co\/fr\/wp-json\/wp\/v2\/posts\/12499\/revisions"}],"predecessor-version":[{"id":13000,"href":"https:\/\/tribu.co\/fr\/wp-json\/wp\/v2\/posts\/12499\/revisions\/13000"}],"wp:featuredmedia":[{"embeddable":true,"href":"https:\/\/tribu.co\/fr\/wp-json\/wp\/v2\/media\/12555"}],"wp:attachment":[{"href":"https:\/\/tribu.co\/fr\/wp-json\/wp\/v2\/media?parent=12499"}],"wp:term":[{"taxonomy":"category","embeddable":true,"href":"https:\/\/tribu.co\/fr\/wp-json\/wp\/v2\/categories?post=12499"},{"taxonomy":"post_tag","embeddable":true,"href":"https:\/\/tribu.co\/fr\/wp-json\/wp\/v2\/tags?post=12499"}],"curies":[{"name":"wp","href":"https:\/\/api.w.org\/{rel}","templated":true}]}}