{"id":13438,"date":"2025-12-15T11:33:40","date_gmt":"2025-12-15T16:33:40","guid":{"rendered":"https:\/\/tribu.co\/?p=13438"},"modified":"2025-12-15T15:33:30","modified_gmt":"2025-12-15T20:33:30","slug":"il-y-a-15-ans","status":"publish","type":"post","link":"https:\/\/tribu.co\/fr\/il-y-a-15-ans\/","title":{"rendered":"IL Y A 15 ANS"},"content":{"rendered":"<section block class=\"b-text\" data-watch>\n\t<div class=\"container-narrow container--align-left\">\n\t\t<div class=\"b-text-content wysiwyg wysiwyg--text\">\n\t\t\t<h3 style=\"text-align: center;\">Quand on ne savait pas o\u00f9 on allait\u2026 mais qu\u2019on a fini par se retrouver ensemble. Qui n\u2019a pas entendu l\u2019histoire de Micah, fondateur et PDG de Tribu Exp\u00e9rientiel, qui travaillait sur son comptoir de cuisine?<\/h3>\n<h3 style=\"text-align: center;\">C\u2019\u00e9tait il y a 15 ans. D\u00e9j\u00e0!<\/h3>\n<p style=\"text-align: center;\">__________<\/p>\n<p style=\"text-align: center;\">Comme le dit la citation qui appara\u00eet dans notre logiciel de temps : \u201c<em>Time is the wisest counselor of all<\/em>.\u201d \u2013 Pericles. Mais selon les jours, il y a aussi : \u201c<a href=\"https:\/\/youtu.be\/iP6XpLQM2Cs?si=9xD2f7cd2QYpb2_Y\"><em>Tick Tock, on the clock, but the party don\u2019t stop<\/em><\/a>.\u201d \u2013 Ke$ha. On a toujours trouv\u00e9 \u00e9trange ce m\u00e9lange entre Platon et une pop star. Mais finalement, c\u2019est \u00e7a Tribu : un pied dans la sagesse, l\u2019autre dans la c\u00e9l\u00e9bration, toujours.<\/p>\n<p style=\"text-align: center;\">On s\u2019est demand\u00e9 comment raconter 15 ans d\u2019\u00e9volution sans juste r\u00e9p\u00e9ter l\u2019histoire du comptoir cuisine (promis, on y reviendra). Alors on a pos\u00e9 quelques questions simples \u00e0 l\u2019\u00e9quipe: <strong><em>Tu \u00e9tais o\u00f9 il y a 15 ans ? Tu te voyais o\u00f9 dans 15 ans ? Et comment t\u2019as rencontr\u00e9 Tribu?<br \/>\n__________<\/em><\/strong><\/p>\n<p style=\"text-align: center;\">On ne s\u2019attendait pas \u00e0 d\u00e9couvrir un tel m\u00e9lange : des futurs v\u00e9t\u00e9rinaires, <em>des breakdancers<\/em>, des \u00e9tudiants du secondaire, des <em>backpackers<\/em>\u2026 100% de passionn\u00e9s, qui allaient tous finir par produire et promouvoir des festivals internationaux et vivre un quotidien r\u00e9solument atypique.<\/p>\n<p><img loading=\"lazy\" decoding=\"async\" class=\"aligncenter wp-image-13483 size-medium\" src=\"https:\/\/tribu.co\/app\/uploads\/2025\/12\/Publication-Instagram-Collage-Photographies-Vintage-Retrospective-Evenement-Vintage-Noir-Blanc-1-240x300.png\" alt=\"\" width=\"240\" height=\"300\" srcset=\"https:\/\/tribu.co\/wp-content\/uploads\/2025\/12\/Publication-Instagram-Collage-Photographies-Vintage-Retrospective-Evenement-Vintage-Noir-Blanc-1-240x300.png 240w, https:\/\/tribu.co\/wp-content\/uploads\/2025\/12\/Publication-Instagram-Collage-Photographies-Vintage-Retrospective-Evenement-Vintage-Noir-Blanc-1-819x1024.png 819w, https:\/\/tribu.co\/wp-content\/uploads\/2025\/12\/Publication-Instagram-Collage-Photographies-Vintage-Retrospective-Evenement-Vintage-Noir-Blanc-1-768x960.png 768w, https:\/\/tribu.co\/wp-content\/uploads\/2025\/12\/Publication-Instagram-Collage-Photographies-Vintage-Retrospective-Evenement-Vintage-Noir-Blanc-1.png 1080w\" sizes=\"auto, (max-width: 240px) 100vw, 240px\" \/><\/p>\n<p style=\"text-align: center;\">Cet article lance une s\u00e9rie : d\u2019abord, notre quotidien ; ensuite, notre \u00e9volution. Mais avant de regarder en avant\u2026 on retourne en 2010.<br \/>\n__________<\/p>\n<h3 style=\"text-align: center;\">THROWBACK 2010<\/h3>\n<p style=\"text-align: center;\">__________<\/p>\n<p style=\"text-align: center;\">Un rappel express de ce qui se passait dans le monde en 2010, pendant qu\u2019un certain projet nomm\u00e9 Tribu commen\u00e7ait \u00e0 prendre forme : <strong><a href=\"https:\/\/fr.wikipedia.org\/wiki\/IPad_(1re_g%C3%A9n%C3%A9ration)\">L\u2019iPad<\/a> <\/strong>arrivait pour la premi\u00e8re fois entre nos mains, Instagram faisait ses d\u00e9buts dans un petit bureau de San Francisco, la <strong>reine Elizabeth II<\/strong> traversait l\u2019Atlantique pour une tourn\u00e9e canadienne, Vancouver vibrait au rythme de <strong><a href=\"https:\/\/fr.wikipedia.org\/wiki\/Jeux_olympiques_d%27hiver_de_2010\">Jeux olympiques<\/a><\/strong> historiques o\u00f9 le pays signait un record de 14 m\u00e9dailles d\u2019or, et Montr\u00e9al c\u00e9l\u00e9brait (<em>un peu trop fort<\/em>) <strong><a href=\"https:\/\/www.youtube.com\/watch?v=XJaHpqwDA7Y\">la victoire des Canadiens contre les Penguins<\/a><\/strong> en s\u00e9ries.<\/p>\n<p style=\"text-align: center;\">Une ann\u00e9e de premi\u00e8res, de fiert\u00e9 collective et de changements qui allaient marquer la d\u00e9cennie, un contexte parfait pour voir na\u00eetre un projet comme Tribu.<\/p>\n<p style=\"text-align: center;\">\u201c<em>En Novembre 2010, j&#8217;ai enregistr\u00e9 Tribu au registre des entreprises un an apr\u00e8s avoir eu un DARE suite \u00e0 un fameux party dans ma cour arri\u00e8re<\/em>&#8221; Micah<em><strong><br \/>\n<img loading=\"lazy\" decoding=\"async\" class=\"size-medium wp-image-13457 aligncenter\" src=\"https:\/\/tribu.co\/app\/uploads\/2025\/12\/ARTICLE-TRIBU-1-300x300.jpg\" alt=\"\" width=\"300\" height=\"300\" srcset=\"https:\/\/tribu.co\/wp-content\/uploads\/2025\/12\/ARTICLE-TRIBU-1-300x300.jpg 300w, https:\/\/tribu.co\/wp-content\/uploads\/2025\/12\/ARTICLE-TRIBU-1-150x150.jpg 150w, https:\/\/tribu.co\/wp-content\/uploads\/2025\/12\/ARTICLE-TRIBU-1-768x767.jpg 768w, https:\/\/tribu.co\/wp-content\/uploads\/2025\/12\/ARTICLE-TRIBU-1.jpg 833w\" sizes=\"auto, (max-width: 300px) 100vw, 300px\" \/><\/strong><\/em>Il y a 15 ans, certains d\u2019entre nous avaient encore de l\u2019acn\u00e9 et n\u2019avaient pas fait leur premier stage. D\u2019autres vivaient sans le savoir leur premi\u00e8re connexion avec ce qui deviendrait Tribu. Voici leurs histoires.<\/p>\n<p style=\"text-align: center;\">__________<\/p>\n<h3 style=\"text-align: center;\">Toi, tu \u00e9tais o\u00f9 il y a 15 ans ?<\/h3>\n<p style=\"text-align: center;\">__________<\/p>\n<p style=\"text-align: center;\"><strong>Ariel<\/strong><em><strong>,<\/strong> <strong>Directeur des op\u00e9rations.<\/strong><\/em><br \/>\n<em>Je faisais un certificat en communications \u00e0 l\u2019UQAM, j\u2019enseignais le break et je comp\u00e9titionnais partout sur la c\u00f4te Est. Micah a collabor\u00e9 avec nous pour aller chercher des commanditaires\u2026 c\u2019est comme \u00e7a que j\u2019ai fini avec une voiture de test toute la semaine.<\/em><\/p>\n<p><img loading=\"lazy\" decoding=\"async\" class=\"size-medium wp-image-13525 aligncenter\" src=\"https:\/\/tribu.co\/app\/uploads\/2025\/12\/ariel_12-300x201.jpg\" alt=\"\" width=\"300\" height=\"201\" srcset=\"https:\/\/tribu.co\/wp-content\/uploads\/2025\/12\/ariel_12-300x201.jpg 300w, https:\/\/tribu.co\/wp-content\/uploads\/2025\/12\/ariel_12-768x514.jpg 768w, https:\/\/tribu.co\/wp-content\/uploads\/2025\/12\/ariel_12.jpg 960w\" sizes=\"auto, (max-width: 300px) 100vw, 300px\" \/><\/p>\n<p style=\"text-align: center;\"><strong>Aude<\/strong><em>, <strong>Responsable marketing et communication<\/strong>:<\/em> <em>j&#8217;\u00e9tais au secondaire, encore toute jeune.<\/em><\/p>\n<p style=\"text-align: center;\"><strong>Elyane<\/strong><em>, <strong>Gestionnaire des Comptes clients<\/strong>: j&#8217;avais 17 ans, je venais de rentrer au c\u00e9gep, je travaillais \u00e0 la boutique Clair de Lune \u00e0 Bromont, je vendais des chandelles aux p&#8217;tites madames cutes . \u00c7a payait mon gaz et je revenais chez nous en sentant la bougie et No\u00ebl. J&#8217;avais un gros d\u00e9sir de vivre ma vie d&#8217;une mani\u00e8re non-typique.<\/em><\/p>\n<p style=\"text-align: center;\"><strong>C\u00e9cilia<\/strong><em>, <strong>Directrice marketing et communication<\/strong>: je quittais mon job en agence \u00e0 Paris pour l\u2019Australie avec un Working Holiday Visa. Entre deux jobs de serveuse, je traversais le pays en van, arm\u00e9e d\u2019un gros livre de carte routi\u00e8re, parce qu\u2019en 2010, les maps, c\u2019\u00e9tait pas encore dans tous les t\u00e9l\u00e9phones.<br \/>\n<\/em><br \/>\n<img loading=\"lazy\" decoding=\"async\" class=\"aligncenter wp-image-13639 size-large\" src=\"https:\/\/tribu.co\/app\/uploads\/2025\/12\/Cess-van-1024x768.jpg\" alt=\"\" width=\"1024\" height=\"768\" srcset=\"https:\/\/tribu.co\/wp-content\/uploads\/2025\/12\/Cess-van-1024x768.jpg 1024w, https:\/\/tribu.co\/wp-content\/uploads\/2025\/12\/Cess-van-300x225.jpg 300w, https:\/\/tribu.co\/wp-content\/uploads\/2025\/12\/Cess-van-768x576.jpg 768w, https:\/\/tribu.co\/wp-content\/uploads\/2025\/12\/Cess-van-1536x1152.jpg 1536w, https:\/\/tribu.co\/wp-content\/uploads\/2025\/12\/Cess-van.jpg 2048w\" sizes=\"auto, (max-width: 1024px) 100vw, 1024px\" \/><\/p>\n<p style=\"text-align: center;\"><strong>Jean-Michel AKA JM<\/strong><em>,\u00a0 <strong>R\u00e9alisateur, Directeur photo et monteur<\/strong>: j&#8217;\u00e9tais chez V-T\u00e9l\u00e9 en tant que Cam\u00e9raman, aiguilleur monteur pour le nouveau show de nouvelle du matin V-Express. Je faisais de 3am \u00e0 13h, 5 jours semaines \ud83d\ude42<\/em><\/p>\n<p><img loading=\"lazy\" decoding=\"async\" class=\"aligncenter wp-image-13791 size-full\" src=\"https:\/\/tribu.co\/app\/uploads\/2025\/12\/RDSACJean-Michel-avec-EXPOS.jpg\" alt=\"\" width=\"1024\" height=\"768\" srcset=\"https:\/\/tribu.co\/wp-content\/uploads\/2025\/12\/RDSACJean-Michel-avec-EXPOS.jpg 1024w, https:\/\/tribu.co\/wp-content\/uploads\/2025\/12\/RDSACJean-Michel-avec-EXPOS-300x225.jpg 300w, https:\/\/tribu.co\/wp-content\/uploads\/2025\/12\/RDSACJean-Michel-avec-EXPOS-768x576.jpg 768w\" sizes=\"auto, (max-width: 1024px) 100vw, 1024px\" \/><\/p>\n<p style=\"text-align: center;\"><strong>Nathaniel AKA Nate<\/strong><em>,<strong> Coordo de production<\/strong>: un petit bonhomme de 13 ans en secondaire 2, qui esp\u00e9rait un jour faire l\u2019\u00e9quipe de basket de l\u2019\u00e9cole.<\/em><br \/>\n_________<\/p>\n<h3 style=\"text-align: center;\">Tu te voyais o\u00f9 dans 15 ans \u00e0 ce moment-l\u00e0 ?<\/h3>\n<p style=\"text-align: center;\">__________<\/p>\n<p style=\"text-align: center;\"><strong>Micah,<\/strong> <em><strong>Fondateur &amp; PDG de Tribu<\/strong>: aucune id\u00e9e de ce que Tribu deviendrait. Je savais juste que j\u2019aimais rassembler les gens et cr\u00e9er des exp\u00e9riences \u00e0 sensations fortes.<\/em><\/p>\n<p><img loading=\"lazy\" decoding=\"async\" class=\"aligncenter wp-image-13533 size-full\" src=\"https:\/\/tribu.co\/app\/uploads\/2025\/12\/MICAH-SKATE.jpg\" alt=\"\" width=\"960\" height=\"541\" srcset=\"https:\/\/tribu.co\/wp-content\/uploads\/2025\/12\/MICAH-SKATE.jpg 960w, https:\/\/tribu.co\/wp-content\/uploads\/2025\/12\/MICAH-SKATE-300x169.jpg 300w, https:\/\/tribu.co\/wp-content\/uploads\/2025\/12\/MICAH-SKATE-768x433.jpg 768w\" sizes=\"auto, (max-width: 960px) 100vw, 960px\" \/><\/p>\n<p style=\"text-align: center;\"><strong>David<\/strong><em>, <strong>Responsable de la programmation<\/strong>: je voulais voyager \u00e0 travers le monde avec JACKALOPE et travailler avec mes idoles. MADE IT \ud83d\ude42<br \/>\n<img loading=\"lazy\" decoding=\"async\" class=\"aligncenter wp-image-13577 size-full\" src=\"https:\/\/tribu.co\/app\/uploads\/2025\/12\/DAVID-15ANS_1.jpg\" alt=\"\" width=\"604\" height=\"403\" srcset=\"https:\/\/tribu.co\/wp-content\/uploads\/2025\/12\/DAVID-15ANS_1.jpg 604w, https:\/\/tribu.co\/wp-content\/uploads\/2025\/12\/DAVID-15ANS_1-300x200.jpg 300w\" sizes=\"auto, (max-width: 604px) 100vw, 604px\" \/><\/em><br \/>\n<strong>Mathilde<\/strong><em>, <strong>Community Manager<\/strong>: terminer mes \u00e9tudes de droit et devenir Commissaire de Police ou juriste dans l&#8217;arm\u00e9e, j&#8217;ai toujours aim\u00e9 l&#8217;ordre et la rigueur.<\/em><br \/>\n<img loading=\"lazy\" decoding=\"async\" class=\"aligncenter wp-image-13625\" src=\"https:\/\/tribu.co\/app\/uploads\/2025\/12\/Design-sans-titre-6.png\" alt=\"\" width=\"100\" height=\"100\" \/><\/p>\n<p style=\"text-align: center;\"><strong>Justin<\/strong><em>, <strong>Coordo Marketing digital<\/strong>: je voulais \u00eatre v\u00e9t\u00e9rinaire<\/em><\/p>\n<p style=\"text-align: center;\"><img loading=\"lazy\" decoding=\"async\" class=\"aligncenter wp-image-13669 size-large\" src=\"https:\/\/tribu.co\/app\/uploads\/2025\/12\/Image_20251211_162603_254-1024x768.jpeg\" alt=\"\" width=\"1024\" height=\"768\" srcset=\"https:\/\/tribu.co\/wp-content\/uploads\/2025\/12\/Image_20251211_162603_254-1024x768.jpeg 1024w, https:\/\/tribu.co\/wp-content\/uploads\/2025\/12\/Image_20251211_162603_254-300x225.jpeg 300w, https:\/\/tribu.co\/wp-content\/uploads\/2025\/12\/Image_20251211_162603_254-768x576.jpeg 768w, https:\/\/tribu.co\/wp-content\/uploads\/2025\/12\/Image_20251211_162603_254.jpeg 1152w\" sizes=\"auto, (max-width: 1024px) 100vw, 1024px\" \/>_________<\/p>\n<h3 style=\"text-align: center;\">Rencontre et premiers pas avec Tribu<\/h3>\n<p style=\"text-align: center;\"><strong>Lise*,<\/strong>\u00a0<em><strong>Technicienne Comptable<\/strong>: l&#8217;aventure a d\u00e9but\u00e9 le 4 janvier 2014. Cette ann\u00e9e, \u00e7a va faire 12 ans que je suis avec Tribu. Je faisais la comptabilit\u00e9 et la r\u00e9ception pour ma s\u0153ur qui avait un commerce, puis je travaillais un \u00e0 temps partiel pour un comptable qui avait Micah<\/em><em> comme client.<\/em><\/p>\n<h5><img loading=\"lazy\" decoding=\"async\" class=\"aligncenter wp-image-13569 size-large\" src=\"https:\/\/tribu.co\/app\/uploads\/2025\/12\/LISE-TRIBU_1-1024x760.jpg\" alt=\"\" width=\"1024\" height=\"760\" srcset=\"https:\/\/tribu.co\/wp-content\/uploads\/2025\/12\/LISE-TRIBU_1-1024x760.jpg 1024w, https:\/\/tribu.co\/wp-content\/uploads\/2025\/12\/LISE-TRIBU_1-300x223.jpg 300w, https:\/\/tribu.co\/wp-content\/uploads\/2025\/12\/LISE-TRIBU_1-768x570.jpg 768w, https:\/\/tribu.co\/wp-content\/uploads\/2025\/12\/LISE-TRIBU_1.jpg 1080w\" sizes=\"auto, (max-width: 1024px) 100vw, 1024px\" \/><br \/>\n<em>*en rouge \u00e0 gauche \ud83d\ude09<\/em><\/h5>\n<p style=\"text-align: center;\"><em>Puis l\u00e0, j&#8217;ai commenc\u00e9 dans son loft \u00e0 Rosemont. Puis moi, ben il y avait pas de place, fait qu&#8217;il m&#8217;a dit \u201cben \u00e7a te d\u00e9range travailler sur la table de la cuisine\u201d ? J&#8217;ai commenc\u00e9 sur la table de cuisine de Micah.<\/em><\/p>\n<h3 style=\"text-align: center;\">-LA FAMEUSE-<\/h3>\n<p style=\"text-align: center;\"><em>Puis on a d\u00e9m\u00e9nag\u00e9 au nomade dans l&#8217;Ouest de Montr\u00e9al. On a eu bien du plaisir \u00e0 cette place l\u00e0, des bureaux partag\u00e9s, c&#8217;\u00e9tait bien dynamique, il y avait des part\u00e9s. Sauf qu\u2019il y avait pas de chauffage. Alors l&#8217;hiver on travaillait avec nos bottes, nos tuques, nos mitaines, puis on avait une petite chauffette en dessous notre bureau.<br \/>\n<\/em><br \/>\n<img loading=\"lazy\" decoding=\"async\" class=\"size-medium wp-image-13841 aligncenter\" src=\"https:\/\/tribu.co\/app\/uploads\/2025\/12\/David-2-300x298.png\" alt=\"\" width=\"300\" height=\"298\" srcset=\"https:\/\/tribu.co\/wp-content\/uploads\/2025\/12\/David-2-300x298.png 300w, https:\/\/tribu.co\/wp-content\/uploads\/2025\/12\/David-2-150x150.png 150w, https:\/\/tribu.co\/wp-content\/uploads\/2025\/12\/David-2.png 768w\" sizes=\"auto, (max-width: 300px) 100vw, 300px\" \/><\/p>\n<p style=\"text-align: center;\"><strong>David<\/strong><em>, <strong>Responsable de la programmation<\/strong>: avant m\u00eame que Tribu ne soit, j&#8217;ai rencontr\u00e9 Micah pour un voyage de skate avec sa premi\u00e8re compagnie de skate, Ripper Skateboard, quand il est venu nous recruter au Exo Shop pour faire partie de son projet de fou :\u00a0 21 jours road trip \u00e0 travers le Canada.<\/em><\/p>\n<p style=\"text-align: center;\"><strong>Elyane<\/strong>, <em><strong>Gestionnaire des Comptes clients<\/strong>: Micah est venu faire une pr\u00e9sentation dans mon cours. Je lui ai dit que je voulais faire mon stage chez Tribu. He said yes.<\/em><\/p>\n<p style=\"text-align: center;\"><strong>Ariel<\/strong><em>, <strong>Directeur des op\u00e9rations<\/strong>: on s\u2019est connus au c\u00e9gep. On a fait notre projet final ensemble : produire le Barrel Tour pour Ripper Skateboards.<\/em><br \/>\n<img loading=\"lazy\" decoding=\"async\" class=\"aligncenter wp-image-13582 size-full\" src=\"https:\/\/tribu.co\/app\/uploads\/2025\/12\/216343_12562140653_755095653_99505_9690_n.jpg\" alt=\"\" width=\"402\" height=\"604\" srcset=\"https:\/\/tribu.co\/wp-content\/uploads\/2025\/12\/216343_12562140653_755095653_99505_9690_n.jpg 402w, https:\/\/tribu.co\/wp-content\/uploads\/2025\/12\/216343_12562140653_755095653_99505_9690_n-200x300.jpg 200w\" sizes=\"auto, (max-width: 402px) 100vw, 402px\" \/><\/p>\n<p style=\"text-align: center;\"><em>J\u2019\u00e9tais aussi <a href=\"https:\/\/vimeo.com\/7905954?fl=pl&amp;fe=vl\">au fameux Backyard JIB Fest<\/a>, le point z\u00e9ro de Tribu. On travaillait alors directement dans l&#8217;appartement de Micah sur la 7e avenue dans Rosemont.<\/em><\/p>\n<p style=\"text-align: center;\"><strong>Justine<\/strong><em>, <strong>Charg\u00e9e de projets et d&#8217;exp\u00e9riences festivali\u00e8res<\/strong>: gr\u00e2ce \u00e0 <a href=\"https:\/\/barbegazi.tribu.co\/\">Barbegazi<\/a>, au Stade Olympique \u00e0 l\u2019\u00e9poque.<\/em><\/p>\n<p style=\"text-align: center;\"><strong>Mathilde<\/strong><em>, <strong>Community Manager<\/strong>: en 2022 fra\u00eechement arriv\u00e9e au Qu\u00e9bec, je tombe sur une annonce pour <a href=\"https:\/\/jackalope.tribu.co\/\">JACKALOPE<\/a> Montr\u00e9al. Je me retrouve responsable des \u00e9quipes sur place. \u00c0 la fin, j\u2019ai dit \u00e0 Micah : \u201cun jour je travaillerai pour toi.\u201d Deux mois plus tard, une offre s\u2019ouvrait, j&#8217;ai postul\u00e9 et me voil\u00e0!<\/em><br \/>\n<img loading=\"lazy\" decoding=\"async\" class=\"aligncenter wp-image-13692 size-medium\" src=\"https:\/\/tribu.co\/app\/uploads\/2025\/12\/MATHILDE-JACKALOPE-2022-225x300.jpg\" alt=\"\" width=\"225\" height=\"300\" srcset=\"https:\/\/tribu.co\/wp-content\/uploads\/2025\/12\/MATHILDE-JACKALOPE-2022-225x300.jpg 225w, https:\/\/tribu.co\/wp-content\/uploads\/2025\/12\/MATHILDE-JACKALOPE-2022-768x1024.jpg 768w, https:\/\/tribu.co\/wp-content\/uploads\/2025\/12\/MATHILDE-JACKALOPE-2022-1152x1536.jpg 1152w, https:\/\/tribu.co\/wp-content\/uploads\/2025\/12\/MATHILDE-JACKALOPE-2022-1536x2048.jpg 1536w, https:\/\/tribu.co\/wp-content\/uploads\/2025\/12\/MATHILDE-JACKALOPE-2022-scaled.jpg 1920w\" sizes=\"auto, (max-width: 225px) 100vw, 225px\" \/><\/p>\n<p style=\"text-align: center;\"><strong>Stephen<\/strong><em>, <strong>Coordo de production<\/strong>: via <a href=\"https:\/\/apik.tribu.co\/\">APIK Montr\u00e9al<\/a> et ma passion pour le snowboard et les sports de glisse.<\/em><\/p>\n<p style=\"text-align: center;\"><strong>L\u00e9o<\/strong><em>, <strong>Partnership Coordinator<\/strong><\/em>:<em> un mois apr\u00e8s mon arriv\u00e9e en tant que stagiaire, mon responsable quittait Tribu. \u00c9paul\u00e9 par Micah et par l\u2019\u00e9quipe, quelques semaines plus tard je livre mon premier JACKALOPE. Ce qui \u00e9tait stressant, c\u2019\u00e9tait de devoir g\u00e9rer autant de clients en m\u00eame temps. En plus, cette ann\u00e9e l\u00e0, nous avons eu beaucoup de pluie et d\u2019intemp\u00e9ries. J\u2019ai \u00e9norm\u00e9ment appris, et j\u2019ai eu un super bon soutien du reste de l\u2019\u00e9quipe. Il faut croire que j\u2019ai vraiment aim\u00e9 mon exp\u00e9rience, puisque je suis revenu pour mes deux autres stages\u2026et maintenant je suis \u00e0 temps plein !<\/em><\/p>\n<p style=\"text-align: center;\"><strong>Jean Daniel AKA JD<\/strong><em>, <strong>Responsable des partenariats<\/strong><\/em>: <em>fun fact, je suis un des premiers employ\u00e9s de Tribu : dans le temps, on g\u00e9rait le Sports team Amnesia et on faisait le premier JACKALOPE ever !<\/em><\/p>\n<p style=\"text-align: center;\"><img loading=\"lazy\" decoding=\"async\" class=\"aligncenter wp-image-13599 size-full\" src=\"https:\/\/tribu.co\/app\/uploads\/2025\/12\/Image_20251204_125218_778-1.jpeg\" alt=\"\" width=\"851\" height=\"566\" srcset=\"https:\/\/tribu.co\/wp-content\/uploads\/2025\/12\/Image_20251204_125218_778-1.jpeg 851w, https:\/\/tribu.co\/wp-content\/uploads\/2025\/12\/Image_20251204_125218_778-1-300x200.jpeg 300w, https:\/\/tribu.co\/wp-content\/uploads\/2025\/12\/Image_20251204_125218_778-1-768x511.jpeg 768w\" sizes=\"auto, (max-width: 851px) 100vw, 851px\" \/><em>14 ans plus tard, je rejoins l\u2019\u00e9quipe de nouveau. D\u00e8s mon premier jour chez Tribu, c\u2019\u00e9tait un r\u00eave de kid qui se r\u00e9alisait : je m&#8217;envolais avec Micah vers les X Games \u00e0 Ventura, un trip riche en apprentissage sur le terrain.<\/em><\/p>\n<p style=\"text-align: center;\"><strong>N<\/strong><strong>athaniel AKA Nate<\/strong><em>, <strong>Coordo de production<\/strong><\/em>: <em>JACKALOPE\u00a0Montr\u00e9al \u00e9tait deux semaines apr\u00e8s mon arriv\u00e9e. La veille de l&#8217;\u00e9v\u00e9nement, je me retrouve \u00e0 jaser sur le top de la mini-rampe, tout le staff Tribu est l\u00e0 pour une sesh entre coll\u00e8gues.\u00a0Les projets s&#8217;encha\u00eenent et d\u00e9filent depuis. \u00c7a n&#8217;aura pas \u00e9t\u00e9 long avant que l&#8217;\u00e9quipe m&#8217;adopte et me fait sentir \u00e0 ma place.<\/em><br \/>\n<strong>__________<br \/>\n<\/strong><\/p>\n<h5 style=\"text-align: center;\"><strong>Des cuisines, des <em>lofts<\/em> sans chauffage, des vans, des <em>road trips<\/em>, des id\u00e9es folles, des nuits blanches, du <em>breakdance<\/em>, des festivals sous la pluie, des r\u00eaves improbables et des rencontres qui changent une vie. <\/strong><strong>On ne savait pas exactement o\u00f9 on allait. Et pourtant, nos chemins allaient se croiser.<\/strong><\/h5>\n<h2 style=\"text-align: center;\"><strong>Merci d\u2019avoir fait partie de l\u2019aventure, depuis 2010\u2026 ou juste depuis hier. <\/strong>Les 15 prochaines ann\u00e9es commencent aujourd\u2019hui!<\/h2>\n<p style=\"text-align: center;\">\n\n\t\t<\/div>\n\t<\/div>\n<\/section>","protected":false},"excerpt":{"rendered":"","protected":false},"author":3,"featured_media":13645,"comment_status":"closed","ping_status":"closed","sticky":true,"template":"","format":"standard","meta":{"_acf_changed":false,"content-type":"","footnotes":""},"categories":[91,95],"tags":[240,97,111,106,121],"class_list":["post-13438","post","type-post","status-publish","format-standard","has-post-thumbnail","hentry","category-marketing","category-news","tag-15ans","tag-contenu","tag-evenement","tag-marketing","tag-tribu"],"acf":[],"yoast_head":"<!-- This site is optimized with the Yoast SEO plugin v26.7 - https:\/\/yoast.com\/wordpress\/plugins\/seo\/ -->\n<title>IL Y A 15 ANS - Tribu Exp\u00e9rientiel<\/title>\n<meta name=\"description\" content=\"Cet article lance une s\u00e9rie : d\u2019abord, notre quotidien ; ensuite, notre \u00e9volution. On a pos\u00e9 quelques questions simples \u00e0 l\u2019\u00e9quipe!\" \/>\n<meta name=\"robots\" content=\"index, follow, max-snippet:-1, max-image-preview:large, max-video-preview:-1\" \/>\n<link rel=\"canonical\" href=\"https:\/\/tribu.co\/fr\/il-y-a-15-ans\/\" \/>\n<meta property=\"og:locale\" content=\"fr_CA\" \/>\n<meta property=\"og:type\" content=\"article\" \/>\n<meta property=\"og:title\" content=\"IL Y A 15 ANS - Tribu Exp\u00e9rientiel\" \/>\n<meta property=\"og:description\" content=\"Cet article lance une s\u00e9rie : d\u2019abord, notre quotidien ; ensuite, notre \u00e9volution. On a pos\u00e9 quelques questions simples \u00e0 l\u2019\u00e9quipe!\" \/>\n<meta property=\"og:url\" content=\"https:\/\/tribu.co\/fr\/il-y-a-15-ans\/\" \/>\n<meta property=\"og:site_name\" content=\"Tribu Exp\u00e9rientiel\" \/>\n<meta property=\"article:publisher\" content=\"https:\/\/www.facebook.com\/TribuExperientiel\/\" \/>\n<meta property=\"article:published_time\" content=\"2025-12-15T16:33:40+00:00\" \/>\n<meta property=\"article:modified_time\" content=\"2025-12-15T20:33:30+00:00\" \/>\n<meta property=\"og:image\" content=\"https:\/\/tribu.co\/app\/uploads\/2025\/12\/cover-15-ans-scaled.jpg\" \/>\n\t<meta property=\"og:image:width\" content=\"1920\" \/>\n\t<meta property=\"og:image:height\" content=\"2560\" \/>\n\t<meta property=\"og:image:type\" content=\"image\/jpeg\" \/>\n<meta name=\"author\" content=\"cecilia\" \/>\n<meta name=\"twitter:card\" content=\"summary_large_image\" \/>\n<meta name=\"twitter:creator\" content=\"@tribu_exp\" \/>\n<meta name=\"twitter:site\" content=\"@tribu_exp\" \/>\n<meta name=\"twitter:label1\" content=\"Written by\" \/>\n\t<meta name=\"twitter:data1\" content=\"cecilia\" \/>\n\t<meta name=\"twitter:label2\" content=\"Est. reading time\" \/>\n\t<meta name=\"twitter:data2\" content=\"1 minute\" \/>\n<script type=\"application\/ld+json\" class=\"yoast-schema-graph\">{\"@context\":\"https:\/\/schema.org\",\"@graph\":[{\"@type\":\"Article\",\"@id\":\"https:\/\/tribu.co\/fr\/il-y-a-15-ans\/#article\",\"isPartOf\":{\"@id\":\"https:\/\/tribu.co\/fr\/il-y-a-15-ans\/\"},\"author\":{\"name\":\"cecilia\",\"@id\":\"https:\/\/tribu.co\/#\/schema\/person\/683e520efa843449d6b9c19d4ee7ca9a\"},\"headline\":\"IL Y A 15 ANS\",\"datePublished\":\"2025-12-15T16:33:40+00:00\",\"dateModified\":\"2025-12-15T20:33:30+00:00\",\"mainEntityOfPage\":{\"@id\":\"https:\/\/tribu.co\/fr\/il-y-a-15-ans\/\"},\"wordCount\":4,\"publisher\":{\"@id\":\"https:\/\/tribu.co\/#organization\"},\"image\":{\"@id\":\"https:\/\/tribu.co\/fr\/il-y-a-15-ans\/#primaryimage\"},\"thumbnailUrl\":\"https:\/\/tribu.co\/wp-content\/uploads\/2025\/12\/cover-15-ans-scaled.jpg\",\"keywords\":[\"15ans\",\"contenu\",\"\u00e9v\u00e8nement\",\"marketing\",\"tribu\"],\"articleSection\":[\"Marketing\",\"News\"],\"inLanguage\":\"fr-CA\"},{\"@type\":\"WebPage\",\"@id\":\"https:\/\/tribu.co\/fr\/il-y-a-15-ans\/\",\"url\":\"https:\/\/tribu.co\/fr\/il-y-a-15-ans\/\",\"name\":\"IL Y A 15 ANS - Tribu Exp\u00e9rientiel\",\"isPartOf\":{\"@id\":\"https:\/\/tribu.co\/#website\"},\"primaryImageOfPage\":{\"@id\":\"https:\/\/tribu.co\/fr\/il-y-a-15-ans\/#primaryimage\"},\"image\":{\"@id\":\"https:\/\/tribu.co\/fr\/il-y-a-15-ans\/#primaryimage\"},\"thumbnailUrl\":\"https:\/\/tribu.co\/wp-content\/uploads\/2025\/12\/cover-15-ans-scaled.jpg\",\"datePublished\":\"2025-12-15T16:33:40+00:00\",\"dateModified\":\"2025-12-15T20:33:30+00:00\",\"description\":\"Cet article lance une s\u00e9rie : d\u2019abord, notre quotidien ; ensuite, notre \u00e9volution. On a pos\u00e9 quelques questions simples \u00e0 l\u2019\u00e9quipe!\",\"breadcrumb\":{\"@id\":\"https:\/\/tribu.co\/fr\/il-y-a-15-ans\/#breadcrumb\"},\"inLanguage\":\"fr-CA\",\"potentialAction\":[{\"@type\":\"ReadAction\",\"target\":[\"https:\/\/tribu.co\/fr\/il-y-a-15-ans\/\"]}]},{\"@type\":\"ImageObject\",\"inLanguage\":\"fr-CA\",\"@id\":\"https:\/\/tribu.co\/fr\/il-y-a-15-ans\/#primaryimage\",\"url\":\"https:\/\/tribu.co\/wp-content\/uploads\/2025\/12\/cover-15-ans-scaled.jpg\",\"contentUrl\":\"https:\/\/tribu.co\/wp-content\/uploads\/2025\/12\/cover-15-ans-scaled.jpg\",\"width\":1920,\"height\":2560},{\"@type\":\"BreadcrumbList\",\"@id\":\"https:\/\/tribu.co\/fr\/il-y-a-15-ans\/#breadcrumb\",\"itemListElement\":[{\"@type\":\"ListItem\",\"position\":1,\"name\":\"Home\",\"item\":\"https:\/\/tribu.co\/fr\/accueil\/\"},{\"@type\":\"ListItem\",\"position\":2,\"name\":\"IL Y A 15 ANS\"}]},{\"@type\":\"WebSite\",\"@id\":\"https:\/\/tribu.co\/#website\",\"url\":\"https:\/\/tribu.co\/\",\"name\":\"Tribu\",\"description\":\"Integrated experiences\",\"publisher\":{\"@id\":\"https:\/\/tribu.co\/#organization\"},\"potentialAction\":[{\"@type\":\"SearchAction\",\"target\":{\"@type\":\"EntryPoint\",\"urlTemplate\":\"https:\/\/tribu.co\/?s={search_term_string}\"},\"query-input\":{\"@type\":\"PropertyValueSpecification\",\"valueRequired\":true,\"valueName\":\"search_term_string\"}}],\"inLanguage\":\"fr-CA\"},{\"@type\":\"Organization\",\"@id\":\"https:\/\/tribu.co\/#organization\",\"name\":\"Tribu\",\"url\":\"https:\/\/tribu.co\/\",\"logo\":{\"@type\":\"ImageObject\",\"inLanguage\":\"fr-CA\",\"@id\":\"https:\/\/tribu.co\/#\/schema\/logo\/image\/\",\"url\":\"https:\/\/tribu.co\/app\/uploads\/2020\/03\/Tribu-Header.png\",\"contentUrl\":\"https:\/\/tribu.co\/app\/uploads\/2020\/03\/Tribu-Header.png\",\"width\":2500,\"height\":1398,\"caption\":\"Tribu\"},\"image\":{\"@id\":\"https:\/\/tribu.co\/#\/schema\/logo\/image\/\"},\"sameAs\":[\"https:\/\/www.facebook.com\/TribuExperientiel\/\",\"https:\/\/x.com\/tribu_exp\",\"https:\/\/www.instagram.com\/tribuexperientiel\/\",\"https:\/\/www.linkedin.com\/tribuexperientiel\/\"]},{\"@type\":\"Person\",\"@id\":\"https:\/\/tribu.co\/#\/schema\/person\/683e520efa843449d6b9c19d4ee7ca9a\",\"name\":\"cecilia\",\"image\":{\"@type\":\"ImageObject\",\"inLanguage\":\"fr-CA\",\"@id\":\"https:\/\/tribu.co\/#\/schema\/person\/image\/\",\"url\":\"https:\/\/secure.gravatar.com\/avatar\/3dc7510da3f41bfb3b3a532f6add885f60111af0f9869aeb08e47c4c53d88aae?s=96&d=mm&r=g\",\"contentUrl\":\"https:\/\/secure.gravatar.com\/avatar\/3dc7510da3f41bfb3b3a532f6add885f60111af0f9869aeb08e47c4c53d88aae?s=96&d=mm&r=g\",\"caption\":\"cecilia\"},\"url\":\"https:\/\/tribu.co\/fr\/author\/cecilia\/\"}]}<\/script>\n<!-- \/ Yoast SEO plugin. -->","yoast_head_json":{"title":"IL Y A 15 ANS - Tribu Exp\u00e9rientiel","description":"Cet article lance une s\u00e9rie : d\u2019abord, notre quotidien ; ensuite, notre \u00e9volution. On a pos\u00e9 quelques questions simples \u00e0 l\u2019\u00e9quipe!","robots":{"index":"index","follow":"follow","max-snippet":"max-snippet:-1","max-image-preview":"max-image-preview:large","max-video-preview":"max-video-preview:-1"},"canonical":"https:\/\/tribu.co\/fr\/il-y-a-15-ans\/","og_locale":"fr_CA","og_type":"article","og_title":"IL Y A 15 ANS - Tribu Exp\u00e9rientiel","og_description":"Cet article lance une s\u00e9rie : d\u2019abord, notre quotidien ; ensuite, notre \u00e9volution. On a pos\u00e9 quelques questions simples \u00e0 l\u2019\u00e9quipe!","og_url":"https:\/\/tribu.co\/fr\/il-y-a-15-ans\/","og_site_name":"Tribu Exp\u00e9rientiel","article_publisher":"https:\/\/www.facebook.com\/TribuExperientiel\/","article_published_time":"2025-12-15T16:33:40+00:00","article_modified_time":"2025-12-15T20:33:30+00:00","og_image":[{"width":1920,"height":2560,"url":"https:\/\/tribu.co\/app\/uploads\/2025\/12\/cover-15-ans-scaled.jpg","type":"image\/jpeg"}],"author":"cecilia","twitter_card":"summary_large_image","twitter_creator":"@tribu_exp","twitter_site":"@tribu_exp","twitter_misc":{"Written by":"cecilia","Est. reading time":"1 minute"},"schema":{"@context":"https:\/\/schema.org","@graph":[{"@type":"Article","@id":"https:\/\/tribu.co\/fr\/il-y-a-15-ans\/#article","isPartOf":{"@id":"https:\/\/tribu.co\/fr\/il-y-a-15-ans\/"},"author":{"name":"cecilia","@id":"https:\/\/tribu.co\/#\/schema\/person\/683e520efa843449d6b9c19d4ee7ca9a"},"headline":"IL Y A 15 ANS","datePublished":"2025-12-15T16:33:40+00:00","dateModified":"2025-12-15T20:33:30+00:00","mainEntityOfPage":{"@id":"https:\/\/tribu.co\/fr\/il-y-a-15-ans\/"},"wordCount":4,"publisher":{"@id":"https:\/\/tribu.co\/#organization"},"image":{"@id":"https:\/\/tribu.co\/fr\/il-y-a-15-ans\/#primaryimage"},"thumbnailUrl":"https:\/\/tribu.co\/wp-content\/uploads\/2025\/12\/cover-15-ans-scaled.jpg","keywords":["15ans","contenu","\u00e9v\u00e8nement","marketing","tribu"],"articleSection":["Marketing","News"],"inLanguage":"fr-CA"},{"@type":"WebPage","@id":"https:\/\/tribu.co\/fr\/il-y-a-15-ans\/","url":"https:\/\/tribu.co\/fr\/il-y-a-15-ans\/","name":"IL Y A 15 ANS - Tribu Exp\u00e9rientiel","isPartOf":{"@id":"https:\/\/tribu.co\/#website"},"primaryImageOfPage":{"@id":"https:\/\/tribu.co\/fr\/il-y-a-15-ans\/#primaryimage"},"image":{"@id":"https:\/\/tribu.co\/fr\/il-y-a-15-ans\/#primaryimage"},"thumbnailUrl":"https:\/\/tribu.co\/wp-content\/uploads\/2025\/12\/cover-15-ans-scaled.jpg","datePublished":"2025-12-15T16:33:40+00:00","dateModified":"2025-12-15T20:33:30+00:00","description":"Cet article lance une s\u00e9rie : d\u2019abord, notre quotidien ; ensuite, notre \u00e9volution. On a pos\u00e9 quelques questions simples \u00e0 l\u2019\u00e9quipe!","breadcrumb":{"@id":"https:\/\/tribu.co\/fr\/il-y-a-15-ans\/#breadcrumb"},"inLanguage":"fr-CA","potentialAction":[{"@type":"ReadAction","target":["https:\/\/tribu.co\/fr\/il-y-a-15-ans\/"]}]},{"@type":"ImageObject","inLanguage":"fr-CA","@id":"https:\/\/tribu.co\/fr\/il-y-a-15-ans\/#primaryimage","url":"https:\/\/tribu.co\/wp-content\/uploads\/2025\/12\/cover-15-ans-scaled.jpg","contentUrl":"https:\/\/tribu.co\/wp-content\/uploads\/2025\/12\/cover-15-ans-scaled.jpg","width":1920,"height":2560},{"@type":"BreadcrumbList","@id":"https:\/\/tribu.co\/fr\/il-y-a-15-ans\/#breadcrumb","itemListElement":[{"@type":"ListItem","position":1,"name":"Home","item":"https:\/\/tribu.co\/fr\/accueil\/"},{"@type":"ListItem","position":2,"name":"IL Y A 15 ANS"}]},{"@type":"WebSite","@id":"https:\/\/tribu.co\/#website","url":"https:\/\/tribu.co\/","name":"Tribu","description":"Integrated experiences","publisher":{"@id":"https:\/\/tribu.co\/#organization"},"potentialAction":[{"@type":"SearchAction","target":{"@type":"EntryPoint","urlTemplate":"https:\/\/tribu.co\/?s={search_term_string}"},"query-input":{"@type":"PropertyValueSpecification","valueRequired":true,"valueName":"search_term_string"}}],"inLanguage":"fr-CA"},{"@type":"Organization","@id":"https:\/\/tribu.co\/#organization","name":"Tribu","url":"https:\/\/tribu.co\/","logo":{"@type":"ImageObject","inLanguage":"fr-CA","@id":"https:\/\/tribu.co\/#\/schema\/logo\/image\/","url":"https:\/\/tribu.co\/app\/uploads\/2020\/03\/Tribu-Header.png","contentUrl":"https:\/\/tribu.co\/app\/uploads\/2020\/03\/Tribu-Header.png","width":2500,"height":1398,"caption":"Tribu"},"image":{"@id":"https:\/\/tribu.co\/#\/schema\/logo\/image\/"},"sameAs":["https:\/\/www.facebook.com\/TribuExperientiel\/","https:\/\/x.com\/tribu_exp","https:\/\/www.instagram.com\/tribuexperientiel\/","https:\/\/www.linkedin.com\/tribuexperientiel\/"]},{"@type":"Person","@id":"https:\/\/tribu.co\/#\/schema\/person\/683e520efa843449d6b9c19d4ee7ca9a","name":"cecilia","image":{"@type":"ImageObject","inLanguage":"fr-CA","@id":"https:\/\/tribu.co\/#\/schema\/person\/image\/","url":"https:\/\/secure.gravatar.com\/avatar\/3dc7510da3f41bfb3b3a532f6add885f60111af0f9869aeb08e47c4c53d88aae?s=96&d=mm&r=g","contentUrl":"https:\/\/secure.gravatar.com\/avatar\/3dc7510da3f41bfb3b3a532f6add885f60111af0f9869aeb08e47c4c53d88aae?s=96&d=mm&r=g","caption":"cecilia"},"url":"https:\/\/tribu.co\/fr\/author\/cecilia\/"}]}},"_links":{"self":[{"href":"https:\/\/tribu.co\/fr\/wp-json\/wp\/v2\/posts\/13438","targetHints":{"allow":["GET"]}}],"collection":[{"href":"https:\/\/tribu.co\/fr\/wp-json\/wp\/v2\/posts"}],"about":[{"href":"https:\/\/tribu.co\/fr\/wp-json\/wp\/v2\/types\/post"}],"author":[{"embeddable":true,"href":"https:\/\/tribu.co\/fr\/wp-json\/wp\/v2\/users\/3"}],"replies":[{"embeddable":true,"href":"https:\/\/tribu.co\/fr\/wp-json\/wp\/v2\/comments?post=13438"}],"version-history":[{"count":180,"href":"https:\/\/tribu.co\/fr\/wp-json\/wp\/v2\/posts\/13438\/revisions"}],"predecessor-version":[{"id":13857,"href":"https:\/\/tribu.co\/fr\/wp-json\/wp\/v2\/posts\/13438\/revisions\/13857"}],"wp:featuredmedia":[{"embeddable":true,"href":"https:\/\/tribu.co\/fr\/wp-json\/wp\/v2\/media\/13645"}],"wp:attachment":[{"href":"https:\/\/tribu.co\/fr\/wp-json\/wp\/v2\/media?parent=13438"}],"wp:term":[{"taxonomy":"category","embeddable":true,"href":"https:\/\/tribu.co\/fr\/wp-json\/wp\/v2\/categories?post=13438"},{"taxonomy":"post_tag","embeddable":true,"href":"https:\/\/tribu.co\/fr\/wp-json\/wp\/v2\/tags?post=13438"}],"curies":[{"name":"wp","href":"https:\/\/api.w.org\/{rel}","templated":true}]}}