{"id":13968,"date":"2025-12-17T17:33:48","date_gmt":"2025-12-17T22:33:48","guid":{"rendered":"https:\/\/tribu.co\/?p=13968"},"modified":"2025-12-18T13:18:39","modified_gmt":"2025-12-18T18:18:39","slug":"sweet-fifteen-quand-tribu-a-grandi-sans-perdre-son-ame","status":"publish","type":"post","link":"https:\/\/tribu.co\/fr\/sweet-fifteen-quand-tribu-a-grandi-sans-perdre-son-ame\/","title":{"rendered":"SWEET FIFTEEN : QUAND TRIBU A GRANDI, SANS PERDRE SON \u00c2ME"},"content":{"rendered":"<section block class=\"b-text\" data-watch>\n\t<div class=\"container-narrow container--align-left\">\n\t\t<div class=\"b-text-content wysiwyg wysiwyg--text\">\n\t\t\t<p style=\"text-align: center;\">Comment le sait-on, quand on cesse-t\u2019on vraiment d\u2019\u00eatre adolescent ? Entre majorit\u00e9 civile, ind\u00e9pendance financi\u00e8re et maturit\u00e9 \u00e9motionnelle, les rep\u00e8res de l\u2019\u00e2ge adulte sont flous. D\u2019ailleurs, une \u00e9tude r\u00e9cente montre que <a href=\"https:\/\/www.instagram.com\/p\/DRiLHxSEqA6\/\">notre cerveau continue de m\u00fbrir jusqu\u2019\u00e0 32 ans<\/a>. Crazy, hein ?<\/p>\n<p style=\"text-align: center;\">M\u00eame si le slogan de Tribu a longtemps \u00e9t\u00e9 : &#8220;<em>pour rejoindre les jeunes et les adultes qui ne vieillissent jamais<\/em>\u201d, la transition vers l\u2019\u00e2ge adulte s\u2019est faite presque naturellement au cours des trois derni\u00e8res ann\u00e9es.<br \/>\n<img loading=\"lazy\" decoding=\"async\" class=\"aligncenter wp-image-14077 size-full\" src=\"https:\/\/tribu.co\/app\/uploads\/2025\/12\/TRIBU-5.jpg\" alt=\"\" width=\"960\" height=\"635\" srcset=\"https:\/\/tribu.co\/wp-content\/uploads\/2025\/12\/TRIBU-5.jpg 960w, https:\/\/tribu.co\/wp-content\/uploads\/2025\/12\/TRIBU-5-300x198.jpg 300w, https:\/\/tribu.co\/wp-content\/uploads\/2025\/12\/TRIBU-5-768x508.jpg 768w\" sizes=\"auto, (max-width: 960px) 100vw, 960px\" \/><br \/>\nL\u2019agence n\u00e9e sur un comptoir de cuisine (oui, ce fameux comptoir dont on vous a parl\u00e9) est devenue un crew international qui fait vibrer des villes partout dans le monde.<\/p>\n<p style=\"text-align: center;\">Quand <strong>Micah, <em>notre fondateur et PDG<\/em><\/strong>, a lanc\u00e9 Tribu, il avouait n\u2019avoir &#8220;<em>aucune id\u00e9e de ce que cela allait devenir<\/em>\u202f&#8221;<\/p>\n<p style=\"text-align: center;\">En cette p\u00e9riode de fin d\u2019ann\u00e9e, imaginez le crew autour d\u2019un repas, chacun partageant sa vision de Tribu et ses <em>milestones<\/em>. Leurs r\u00e9ponses racontent une seule et m\u00eame histoire : celle d\u2019une \u00e9quipe qui traverse oc\u00e9ans et pand\u00e9mies, repousse ses limites, et reste une famille soud\u00e9e pour qui rien n\u2019est impossible\u2026 m\u00eame pas la Lune.<br \/>\n_______<\/p>\n<h3 style=\"text-align: center;\">Comment d\u00e9crirais-tu TRIBU\u202f?<\/h3>\n<p style=\"text-align: center;\">_______<\/p>\n<p style=\"text-align: center;\"><strong>Lise, T<em>echnicienne comptable <\/em><\/strong>(depuis l\u2019\u00e8re des bureaux dans la cuisine de Micah), raconte : &#8220;<em>Tribu a commenc\u00e9 tout petit, et a tellement grossi \u00e0 force de travail et de belles exp\u00e9riences, pour devenir une entreprise internationale. C\u2019est extraordinaire\u00bb<\/em><\/p>\n<p style=\"text-align: center;\">Elle ajoute (et \u00e7a a fait notre journ\u00e9e, m\u00eame notre ann\u00e9e) : \u201c<em>J&#8217;ai regard\u00e9 <a href=\"https:\/\/www.instagram.com\/p\/DRIvTtVk7q2\/?hl=en\">les images d&#8217;Australie<\/a> la semaine derni\u00e8re, t******k! Je suis \u00e9merveill\u00e9e de voir le beau travail que vous faites, \u00e7a m&#8217;apporte beaucoup beaucoup d&#8217;\u00e9nergie. Pour moi, Tribu = r\u00e9ussite, d\u00e9finitivement.<\/em> \u00bb<\/p>\n<p style=\"text-align: center;\">Selon <strong>David, R<em>esponsable de la programmation<\/em><\/strong> (et l\u2019un de nos champions en m\u00e9taphores) : &#8220;<em>Tribu, c\u2019est une chaloupe traversant l\u2019oc\u00e9an, avec \u00e0 son bord une arm\u00e9e du bonheur anim\u00e9e par leur passion.<\/em>&#8220;<\/p>\n<p style=\"text-align: center;\"><strong>Justine, C<em>harg\u00e9e de projets <\/em><\/strong>(notre <em>queen<\/em> du d\u00e9tail) : &#8220;<em>Quand Tribu passe quelque part, \u00e7a laisse sa marque. Aucun d\u00e9fi n\u2019est impossible<\/em>.&#8221;<\/p>\n<p style=\"text-align: center;\"><strong>Aude, R<em>esponsable marketing et communication<\/em><\/strong> : &#8220;<em>Une grosse famille. On passe beaucoup de temps ensemble, on vit BEAUCOUP de choses ensemble.&#8221;<\/em><\/p>\n<p style=\"text-align: center;\"><strong>Jean-Daniel AKA JD, R<em>esponsable des partenariats <\/em><\/strong>: &#8220;<em>C\u2019est fou ! Qu\u2019on soit la petite team Tribu qui r\u00e9alise des \u00e9v\u00e9nements dont les gens parlent \u00e0 travers le monde\u00bb<\/em><\/p>\n<p style=\"text-align: center;\"><strong>Jean-Michel AKA JM, R<em>\u00e9alisateur<\/em>,<\/strong> r\u00e9sume : &#8220;<em>Tribu , c\u2019est une usine \u00e0 histoires de fou&#8221;\u00a0 <\/em>MIC DROP.<\/p>\n<p><img loading=\"lazy\" decoding=\"async\" class=\"aligncenter wp-image-13972 size-large\" src=\"https:\/\/tribu.co\/app\/uploads\/2025\/12\/PHOTO-CREW-ARTICLE-2-1024x683.jpg\" alt=\"\" width=\"1024\" height=\"683\" srcset=\"https:\/\/tribu.co\/wp-content\/uploads\/2025\/12\/PHOTO-CREW-ARTICLE-2-1024x683.jpg 1024w, https:\/\/tribu.co\/wp-content\/uploads\/2025\/12\/PHOTO-CREW-ARTICLE-2-300x200.jpg 300w, https:\/\/tribu.co\/wp-content\/uploads\/2025\/12\/PHOTO-CREW-ARTICLE-2-768x512.jpg 768w, https:\/\/tribu.co\/wp-content\/uploads\/2025\/12\/PHOTO-CREW-ARTICLE-2-1536x1025.jpg 1536w, https:\/\/tribu.co\/wp-content\/uploads\/2025\/12\/PHOTO-CREW-ARTICLE-2.jpg 2048w\" sizes=\"auto, (max-width: 1024px) 100vw, 1024px\" \/><\/p>\n<p style=\"text-align: center;\">_______<\/p>\n<h3 style=\"text-align: center;\">Des d\u00e9fis, petits et gros<\/h3>\n<p style=\"text-align: center;\">_______<\/p>\n<p style=\"text-align: center;\">Grandir, \u00e7a vient avec des challenges. Chez Tribu, chacun met la main \u00e0 la p\u00e2te, dans le sable ou dans la neige\u2026(oui, on a un penchant pour les conditions extr\u00eames).<\/p>\n<p style=\"text-align: center;\"><strong>Gaetan, C<em>reative lead<\/em><\/strong> : &#8220;<em>L&#8217;habillage graphique de mon premier <a href=\"https:\/\/www.youtube.com\/watch?v=umESJa2Dh7s\">Live event lors de APIK<\/a>\u2026 z\u00e9ro marge d\u2019erreur. Stressant, mais tellement gratifiant de voir le r\u00e9sultat\u00bb<\/em><\/p>\n<p style=\"text-align: center;\"><em><strong>Mathilde, Community manager<\/strong> <\/em>: &#8220;<em>Accompagner des athl\u00e8tes venus de continents diff\u00e9rents, qui ne parlent pas tous anglais, tout en cr\u00e9ant du contenu\u2026 enrichissant ! Et poster sur les r\u00e9seaux \u00e0 1\u202fh du matin apr\u00e8s 15\u202fheures de travail\u2026 faut du jus de cerveau\u00bb<\/em><\/p>\n<p style=\"text-align: center;\"><strong>Il y a des d\u00e9fis plus m\u00e9morables que d\u2019autres.<\/strong><\/p>\n<p style=\"text-align: center;\"><strong>Justine, c<em>harg\u00e9e de projets<\/em><\/strong> rappelle : &#8220;<em>Produire un \u00e9v\u00e9nement complet sur une plage, (comme \u00e0 Virginia Beach), c\u2019est un \u00e9norme d\u00e9fi en logistique et en production\u00bb<\/em><\/p>\n<p style=\"text-align: center;\"><img loading=\"lazy\" decoding=\"async\" class=\"aligncenter wp-image-13977 size-large\" src=\"https:\/\/tribu.co\/app\/uploads\/2025\/12\/PHOTO-VB-ARTICLE-2-1024x683.jpg\" alt=\"\" width=\"1024\" height=\"683\" srcset=\"https:\/\/tribu.co\/wp-content\/uploads\/2025\/12\/PHOTO-VB-ARTICLE-2-1024x683.jpg 1024w, https:\/\/tribu.co\/wp-content\/uploads\/2025\/12\/PHOTO-VB-ARTICLE-2-300x200.jpg 300w, https:\/\/tribu.co\/wp-content\/uploads\/2025\/12\/PHOTO-VB-ARTICLE-2-768x512.jpg 768w, https:\/\/tribu.co\/wp-content\/uploads\/2025\/12\/PHOTO-VB-ARTICLE-2-1536x1024.jpg 1536w, https:\/\/tribu.co\/wp-content\/uploads\/2025\/12\/PHOTO-VB-ARTICLE-2-2048x1365.jpg 2048w\" sizes=\"auto, (max-width: 1024px) 100vw, 1024px\" \/><br \/>\nApr\u00e8s 15 ans de service, <strong>David, <em>Responsable de la programmation<\/em><\/strong> avait du mal \u00e0 choisir son plus gros challenge. Ses r\u00e9ponses nous rappellent la dure r\u00e9alit\u00e9 de la nature de nos \u00e9v\u00e9nements :<\/p>\n<p style=\"text-align: center;\">-Blessure s\u00e9rieuse d\u2019un cycliste en Fixed gear lors du premier JACKALOPE;<br \/>\n-Plusieurs \u00e9ditions de BARBEGAZI ont eu lieu dans le froid extr\u00eame, dont une avec une temp\u00eate qui a tout balay\u00e9 sur son passage;<br \/>\n-Evacuation du Stade Olympique de Montr\u00e9al lors de JACKALOPE 2022 en raison d&#8217;une alerte tornade.\u00a0<em><br \/>\n<\/em><\/p>\n\n\t\t<\/div>\n\t<\/div>\n<\/section>\n\n<section block class=\"b-gallery\" data-watch>\n\t<div class=\"container-inset\">\n\n\t\t<div class=\"b-gallery-items\">\n\n\t\t\t\n\t\t\t\t<div\n\t\t\t\t\tclass=\"b-gallery-item\"\n\t\t\t\t\tdata-watch\n\t\t\t\t\tdata-watch-enter=\"0.65\"\n\t\t\t\t\tdata-watch-class=\"item-on-screen\">\n\t\t\t\t\t<div class=\"image image--with-layer\"><div class=\"layer\" style=\"background-image: url(https:\/\/tribu.co\/wp-content\/uploads\/2025\/12\/ARTICLE-2_3-scaled.jpeg)\"><\/div><\/div>\n\t\t\t\t<\/div>\n\n\t\t\t\n\t\t\t\t<div\n\t\t\t\t\tclass=\"b-gallery-item\"\n\t\t\t\t\tdata-watch\n\t\t\t\t\tdata-watch-enter=\"0.65\"\n\t\t\t\t\tdata-watch-class=\"item-on-screen\">\n\t\t\t\t\t<div class=\"image image--with-layer\"><div class=\"layer\" style=\"background-image: url(https:\/\/tribu.co\/wp-content\/uploads\/2025\/12\/ARTICLE-2_2-scaled.jpeg)\"><\/div><\/div>\n\t\t\t\t<\/div>\n\n\t\t\t\n\t\t<\/div>\n\n\t<\/div>\n<\/section>\n\n<section block class=\"b-text\" data-watch>\n\t<div class=\"container-narrow container--align-left\">\n\t\t<div class=\"b-text-content wysiwyg wysiwyg--text\">\n\t\t\t<p style=\"text-align: center;\"><em>Cherry on the cake<\/em>, <strong>Aude, <em>Responsable marketing et communication<\/em><\/strong> revient sur son premier JACKALOPE en 2022 \u00e0 Montr\u00e9al, avec une anecdote qui repr\u00e9sente tr\u00e8s bien Tribu un dimanche matin chez Tribu :<\/p>\n<p style=\"text-align: center;\">\u201c<em>Je suis dans le conteneur m\u00e9dia, je trie les photos de la veille pendant que JM installe ses cam\u00e9ras. Micah arrive et nous lance : \u00ab Qui est game de sauter en BASE jump dans 15 minutes ? \u00bb <a href=\"https:\/\/youtu.be\/zp_NDun4qhg?si=3A3HZUWh_bxG8bj7\">C\u2019\u00e9tait le tout premier saut en BASEjump tandem<\/a> au Canada, et le premier fait \u00e0 partir d\u2019une grue. JM a dit \u00ab non merci \u00bb.<br \/>\nMoi\u2026 j\u2019avais trop de FOMO pour refuser. 10 minutes plus tard, je suis en train de signer une d\u00e9charge et de mettre un harnais pendant qu\u2019on m\u2019explique que je vais litt\u00e9ralement devoir sauter d\u2019une grue de 300 pieds.Fun fact : j\u2019ai peur des hauteurs<\/em>. \u201c<\/p>\n<p><img loading=\"lazy\" decoding=\"async\" class=\"aligncenter wp-image-14013 size-full\" src=\"https:\/\/tribu.co\/app\/uploads\/2025\/12\/Capture-decran-le-2025-12-16-a-12.32.41.png\" alt=\"\" width=\"656\" height=\"816\" srcset=\"https:\/\/tribu.co\/wp-content\/uploads\/2025\/12\/Capture-decran-le-2025-12-16-a-12.32.41.png 656w, https:\/\/tribu.co\/wp-content\/uploads\/2025\/12\/Capture-decran-le-2025-12-16-a-12.32.41-241x300.png 241w\" sizes=\"auto, (max-width: 656px) 100vw, 656px\" \/><\/p>\n<p style=\"text-align: center;\">_______<\/p>\n<h3 style=\"text-align: center;\">Les milestones, vu par le crew<\/h3>\n<p style=\"text-align: center;\">_______<\/p>\n<p style=\"text-align: center;\">Comme un jeune adulte qui quitte enfin la maison familiale pour explorer le monde, Tribu a trac\u00e9 sa route hors du Canada.<\/p>\n<p style=\"text-align: center;\"><strong>Lise, <em>Technicienne comptable<\/em><\/strong> se souvient : &#8220;<em>Quand on conna\u00eet Micah, ce gars a tellement de drive et d\u2019\u00e9nergie\u2026 je me disais : mon dieu, il va r\u00e9ussir, \u00e7a va grossir. Et \u00e0 chaque d\u00e9m\u00e9nagement, c\u2019\u00e9tait plus grand, plus grand. C&#8217;est un taureau hein, il fonce puis quand il d\u00e9sire quelque chose, il fait tout ce qu&#8217;il faut pour l&#8217;atteindre tu sais.\u00bb<\/em><\/p>\n<p style=\"text-align: center;\">Pour <strong>Nathaniel AKA Nate, <em>Coordo de production<\/em><\/strong>\u00a0\u00e7a commence \u00e0 Montr\u00e9al, en 2016, avec &#8220;<em> l\u2019id\u00e9e folle de faire sauter quelqu\u2019un en parachute du top du Stade Olympique\u00bb<\/em><\/p>\n<p style=\"text-align: center;\">Un an plus tard, en 2017, <strong>Ariel, <em>Directeur des op\u00e9rations<\/em><\/strong> \u00e9voque un autre tournant majeur : &#8221; <em>La venue de Tony Hawk \u00e0 Montr\u00e9al a fait entrer le JACKALOPE dans la cour des grands<\/em>\u00bb<br \/>\n<img loading=\"lazy\" decoding=\"async\" class=\"aligncenter wp-image-14029 size-large\" src=\"https:\/\/tribu.co\/app\/uploads\/2025\/12\/Jackalope_Samedi_YannRoy_2018_057-1024x681.jpeg\" alt=\"\" width=\"1024\" height=\"681\" srcset=\"https:\/\/tribu.co\/wp-content\/uploads\/2025\/12\/Jackalope_Samedi_YannRoy_2018_057-1024x681.jpeg 1024w, https:\/\/tribu.co\/wp-content\/uploads\/2025\/12\/Jackalope_Samedi_YannRoy_2018_057-300x200.jpeg 300w, https:\/\/tribu.co\/wp-content\/uploads\/2025\/12\/Jackalope_Samedi_YannRoy_2018_057-768x511.jpeg 768w, https:\/\/tribu.co\/wp-content\/uploads\/2025\/12\/Jackalope_Samedi_YannRoy_2018_057-1536x1022.jpeg 1536w, https:\/\/tribu.co\/wp-content\/uploads\/2025\/12\/Jackalope_Samedi_YannRoy_2018_057.jpeg 2000w\" sizes=\"auto, (max-width: 1024px) 100vw, 1024px\" \/><br \/>\nIl poursuit : &#8220;<em>L\u2019exportation du JACKALOPE \u00e0 Virginia Beach. C\u2019\u00e9tait le signe que l\u2019\u00e9v\u00e9nement \u00e9tait d\u00e9sormais international.\u00bb<\/em><\/p>\n<blockquote class=\"instagram-media\" style=\"background: #FFF; border: 0; border-radius: 3px; box-shadow: 0 0 1px 0 rgba(0,0,0,0.5),0 1px 10px 0 rgba(0,0,0,0.15); margin: 1px; max-width: 540px; min-width: 326px; padding: 0; width: calc(100% - 2px);\" data-instgrm-permalink=\"https:\/\/www.instagram.com\/reel\/CtDgJ42P3PA\/?utm_source=ig_embed&amp;utm_campaign=loading\" data-instgrm-version=\"14\">\n<div style=\"padding: 16px;\">\n<p>&nbsp;<\/p>\n<div style=\"display: flex; flex-direction: row; align-items: center;\">\n<div style=\"background-color: #f4f4f4; border-radius: 50%; flex-grow: 0; height: 40px; margin-right: 14px; width: 40px;\"><\/div>\n<div style=\"display: flex; flex-direction: column; flex-grow: 1; justify-content: center;\">\n<div style=\"background-color: #f4f4f4; border-radius: 4px; flex-grow: 0; height: 14px; margin-bottom: 6px; width: 100px;\"><\/div>\n<div style=\"background-color: #f4f4f4; border-radius: 4px; flex-grow: 0; height: 14px; width: 60px;\"><\/div>\n<\/div>\n<\/div>\n<div style=\"padding: 19% 0;\"><\/div>\n<div style=\"display: block; height: 50px; margin: 0 auto 12px; width: 50px;\"><\/div>\n<div style=\"padding-top: 8px;\">\n<div style=\"color: #3897f0; font-family: Arial,sans-serif; font-size: 14px; font-style: normal; font-weight: 550; line-height: 18px;\">Voir cette publication sur Instagram<\/div>\n<\/div>\n<div style=\"padding: 12.5% 0px; text-align: center;\"><\/div>\n<div style=\"display: flex; flex-direction: row; margin-bottom: 14px; align-items: center;\">\n<div>\n<div style=\"background-color: #f4f4f4; border-radius: 50%; height: 12.5px; width: 12.5px; transform: translateX(0px) translateY(7px);\"><\/div>\n<div style=\"background-color: #f4f4f4; height: 12.5px; transform: rotate(-45deg) translateX(3px) translateY(1px); width: 12.5px; flex-grow: 0; margin-right: 14px; margin-left: 2px;\"><\/div>\n<div style=\"background-color: #f4f4f4; border-radius: 50%; height: 12.5px; width: 12.5px; transform: translateX(9px) translateY(-18px);\"><\/div>\n<\/div>\n<div style=\"margin-left: 8px;\">\n<div style=\"background-color: #f4f4f4; border-radius: 50%; flex-grow: 0; height: 20px; width: 20px;\"><\/div>\n<div style=\"width: 0; height: 0; border-top: 2px solid transparent; border-left: 6px solid #f4f4f4; border-bottom: 2px solid transparent; transform: translateX(16px) translateY(-4px) rotate(30deg);\"><\/div>\n<\/div>\n<div style=\"margin-left: auto;\">\n<div style=\"width: 0px; border-top: 8px solid #F4F4F4; border-right: 8px solid transparent; transform: translateY(16px);\"><\/div>\n<div style=\"background-color: #f4f4f4; flex-grow: 0; height: 12px; width: 16px; transform: translateY(-4px);\"><\/div>\n<div style=\"width: 0; height: 0; border-top: 8px solid #F4F4F4; border-left: 8px solid transparent; transform: translateY(-4px) translateX(8px);\"><\/div>\n<\/div>\n<\/div>\n<div style=\"display: flex; flex-direction: column; flex-grow: 1; justify-content: center; margin-bottom: 24px;\">\n<div style=\"background-color: #f4f4f4; border-radius: 4px; flex-grow: 0; height: 14px; margin-bottom: 6px; width: 224px;\"><\/div>\n<div style=\"background-color: #f4f4f4; border-radius: 4px; flex-grow: 0; height: 14px; width: 144px;\"><\/div>\n<\/div>\n<p>&nbsp;<\/p>\n<p style=\"color: #c9c8cd; font-family: Arial,sans-serif; font-size: 14px; line-height: 17px; margin-bottom: 0; margin-top: 8px; overflow: hidden; padding: 8px 0 7px; text-align: center; text-overflow: ellipsis; white-space: nowrap;\"><a style=\"color: #c9c8cd; font-family: Arial,sans-serif; font-size: 14px; font-style: normal; font-weight: normal; line-height: 17px; text-decoration: none;\" href=\"https:\/\/www.instagram.com\/reel\/CtDgJ42P3PA\/?utm_source=ig_embed&amp;utm_campaign=loading\" target=\"_blank\" rel=\"noopener\">Une publication partag\u00e9e par JACKALOPE (@jackalopefest)<\/a><\/p>\n<\/div>\n<\/blockquote>\n<p><script async src=\"\/\/www.instagram.com\/embed.js\"><\/script><\/p>\n<p style=\"text-align: center;\">Un virage que <strong>Micah, <em>Fondateur &amp; PDG de Tribu<\/em><\/strong> identifie comme un point d\u2019ancrage d\u00e9cisif : &#8221; <em>La signature d\u2019un partenariat de trois ans avec Virginia Beach a \u00e9t\u00e9 un vrai pivot dans l\u2019histoire de TRIBU, juste apr\u00e8s la pand\u00e9mie, au moment o\u00f9 on en avait le plus besoin.\u00bb<\/em><\/p>\n<p style=\"text-align: center;\">Parlant de pand\u00e9mie. <strong>C\u00e9cilia, <em>Directrice marketing et communication<\/em><\/strong>, revient sur cette p\u00e9riode cl\u00e9 :\u00a0 \u201cOn a mis le focus sur notre expertise en production de contenu. Un vrai stamp de notre savoir-faire en <em>storytelling<\/em> et en cr\u00e9ation. <a href=\"https:\/\/jackalope.tribu.co\/tv\/\">Web s\u00e9ries et documentaires sur JACKALOPE TV<\/a>, pour les <a href=\"https:\/\/tribu.co\/portfolio\/\">clients de Tribu<\/a>, et plus r\u00e9cemment <a href=\"https:\/\/video.telequebec.tv\/details\/53883\">un documentaire produit pour T\u00e9l\u00e9-Qu\u00e9bec<\/a>.\u00bb<\/p>\n<p style=\"text-align: center;\">Depuis le retour des \u00e9v\u00e9nements en 2022, la croissance s\u2019acc\u00e9l\u00e8re, d\u2019apr\u00e8s <strong>Aude, <em>Responsable marketing et communication<\/em><\/strong> : &#8220;<em>C\u2019est fou le chemin qu\u2019on a fait depuis le retour des \u00e9v\u00e9nements. Ouf qu\u2019il y en a eu des projets ces 3 derni\u00e8res ann\u00e9es ! La qualit\u00e9 des productions a \u00e9volu\u00e9 grandement.\u00bb<\/em><\/p>\n<p style=\"text-align: center;\"><strong>Ariel, <em>Directeur des op\u00e9rations<\/em><\/strong> souligne aussi l\u2019arriv\u00e9e r\u00e9cente des <em>Live Webcast<\/em> : &#8220;<em>\u00c7a a ouvert des opportunit\u00e9s sur toute la plan\u00e8te.\u00bb<br \/>\n<img loading=\"lazy\" decoding=\"async\" class=\"aligncenter wp-image-14069 size-large\" src=\"https:\/\/tribu.co\/app\/uploads\/2025\/12\/LIVE-WEBCAST_TRIBU-15-ANS-819x1024.jpg\" alt=\"\" width=\"819\" height=\"1024\" srcset=\"https:\/\/tribu.co\/wp-content\/uploads\/2025\/12\/LIVE-WEBCAST_TRIBU-15-ANS-819x1024.jpg 819w, https:\/\/tribu.co\/wp-content\/uploads\/2025\/12\/LIVE-WEBCAST_TRIBU-15-ANS-240x300.jpg 240w, https:\/\/tribu.co\/wp-content\/uploads\/2025\/12\/LIVE-WEBCAST_TRIBU-15-ANS-768x960.jpg 768w, https:\/\/tribu.co\/wp-content\/uploads\/2025\/12\/LIVE-WEBCAST_TRIBU-15-ANS.jpg 1080w\" sizes=\"auto, (max-width: 819px) 100vw, 819px\" \/><br \/>\n<\/em><\/p>\n<p style=\"text-align: center;\"><strong>Nathaniel AKA Nate, <em>Coordo de production<\/em><\/strong> rench\u00e9rit : &#8220;<em>Avec le Live sur les \u00e9crans g\u00e9ants, le show est partout, et \u00e7a change compl\u00e8tement l\u2019exp\u00e9rience des festivaliers.\u00bb<\/em><\/p>\n<p style=\"text-align: center;\"><strong>Jean-Daniel AKA JD, <em>Responsable des partenariats<\/em><\/strong>, encore le teint bronz\u00e9 de <a href=\"https:\/\/tribu.co\/project\/jackalope-block-party-newcastle-2025\/\">notre premier \u00e9v\u00e9nement \u00e0 l\u2019autre bout du monde<\/a>, conclut : &#8220;<em>Voir nos \u00e9v\u00e9nements en Australie et constater l\u2019enthousiasme de l\u2019autre c\u00f4t\u00e9 du globe\u2026 c\u2019est sick !\u00bb<\/em><\/p>\n<p><img loading=\"lazy\" decoding=\"async\" class=\"aligncenter wp-image-14040 size-large\" src=\"https:\/\/tribu.co\/app\/uploads\/2025\/12\/ARTICLE-2_-CREW--1024x873.jpg\" alt=\"\" width=\"1024\" height=\"873\" srcset=\"https:\/\/tribu.co\/wp-content\/uploads\/2025\/12\/ARTICLE-2_-CREW--1024x873.jpg 1024w, https:\/\/tribu.co\/wp-content\/uploads\/2025\/12\/ARTICLE-2_-CREW--300x256.jpg 300w, https:\/\/tribu.co\/wp-content\/uploads\/2025\/12\/ARTICLE-2_-CREW--768x654.jpg 768w, https:\/\/tribu.co\/wp-content\/uploads\/2025\/12\/ARTICLE-2_-CREW--1536x1309.jpg 1536w, https:\/\/tribu.co\/wp-content\/uploads\/2025\/12\/ARTICLE-2_-CREW--2048x1745.jpg 2048w\" sizes=\"auto, (max-width: 1024px) 100vw, 1024px\" \/><\/p>\n<p style=\"text-align: center;\">_______<\/p>\n<h3 style=\"text-align: center;\">Tu vois o\u00f9 Tribu, dans 15 ans ?<\/h3>\n<p style=\"text-align: center;\">_______<br \/>\n4 personnes ont eu la r\u00e9ponse suivante, sans se concerter. \u00c7a en dit long sur nos ambitions :<\/p>\n<p style=\"text-align: center;\"><strong>Gaetan, C<em>reative lead<\/em><\/strong> &#8211;<em> &#8220;Si on suit l\u2019histoire et la vision de TRIBU, dans 15 ans on aura s\u00fbrement un JACKALOPE on the moon.\u00bb<\/em><br \/>\n<strong>Nathaniel AKA Nate, <em>Coordo de production<\/em><\/strong>: &#8220;<em>Ici tout est possible et on le croit pour vrai, on aura une comp\u00e9tition de Vert sur la lune.\u00bb<\/em><br \/>\n<strong>David, <em>Responsable de la programmation<\/em><\/strong> &#8211; <em>&#8220;Un bureau sur la lune!\u00bb<\/em><br \/>\n<strong>Elyane, <em>Gestionnaire des Comptes clients<\/em><\/strong> &#8211; <em>&#8220;JACKALOPE sur la lune\u00bb<\/em><\/p>\n<p style=\"text-align: center;\"><img loading=\"lazy\" decoding=\"async\" class=\"aligncenter wp-image-14048 size-large\" src=\"https:\/\/tribu.co\/app\/uploads\/2025\/12\/TRIBU-15-ANS-LUNE-1024x683.jpg\" alt=\"\" width=\"1024\" height=\"683\" srcset=\"https:\/\/tribu.co\/wp-content\/uploads\/2025\/12\/TRIBU-15-ANS-LUNE-1024x683.jpg 1024w, https:\/\/tribu.co\/wp-content\/uploads\/2025\/12\/TRIBU-15-ANS-LUNE-300x200.jpg 300w, https:\/\/tribu.co\/wp-content\/uploads\/2025\/12\/TRIBU-15-ANS-LUNE-768x513.jpg 768w, https:\/\/tribu.co\/wp-content\/uploads\/2025\/12\/TRIBU-15-ANS-LUNE-1536x1025.jpg 1536w, https:\/\/tribu.co\/wp-content\/uploads\/2025\/12\/TRIBU-15-ANS-LUNE-2048x1367.jpg 2048w\" sizes=\"auto, (max-width: 1024px) 100vw, 1024px\" \/>Pour ceux qui sont plus pragmatiques, comme le r\u00e9sume bien <strong>Aude, <em>Responsable marketing et communication<\/em><\/strong>, dans 15 ans, Tribu sera \u201c<em>WORLDWIDE BABY<\/em>\u201d.<\/p>\n<p style=\"text-align: center;\">Pour <strong>Jean-Michel AKA JM,<em> R\u00e9alisateur<\/em><\/strong>, nous serons \u201c<em>Number 1 dans les comp\u00e9titions d&#8217;actions sports dans l&#8217;monde<\/em>\u201d.<\/p>\n<p style=\"text-align: center;\"><strong>Ariel (<em>Directeur des op\u00e9rations),<\/em>\u00a0Jean-Daniel AKA JD<\/strong> (<em><strong>Responsable des partenariats<\/strong><\/em>) et <strong>Mathilde (<em>Community manager<\/em>)<\/strong> s\u2019entendent sur : Un JACKALOPE Fest dans chaque continent et des \u00e9v\u00e9nements secondaires (JACKALOPE Block Parties) dans plusieurs pays.<\/p>\n<p style=\"text-align: center;\"><strong>JD<\/strong> ajoute : &#8220;<em>Des \u00e9v\u00e9nements d&#8217;envergure, respect\u00e9s par les communaut\u00e9s, et qui ont un impact fort sur les familles, tout en continuant d\u2019offrir le spectacle gratuitemen<\/em>t&#8221;<\/p>\n<p style=\"text-align: center;\"><strong>Mathilde<\/strong> ajoute une pr\u00e9cision importante : \u201c<em>Sans jamais oublier la tradition de la photo de salle marketing \u00e0 la fin des \u00e9v\u00e9nements.<\/em>\u201d<\/p>\n\n\t\t<\/div>\n\t<\/div>\n<\/section>\n\n<section block class=\"b-gallery\" data-watch>\n\t<div class=\"container-inset\">\n\n\t\t<div class=\"b-gallery-items\">\n\n\t\t\t\n\t\t\t\t<div\n\t\t\t\t\tclass=\"b-gallery-item\"\n\t\t\t\t\tdata-watch\n\t\t\t\t\tdata-watch-enter=\"0.65\"\n\t\t\t\t\tdata-watch-class=\"item-on-screen\">\n\t\t\t\t\t<div class=\"image image--with-layer\"><div class=\"layer\" style=\"background-image: url(https:\/\/tribu.co\/wp-content\/uploads\/2025\/12\/PHOTO-MARCOM_1-scaled.jpg)\"><\/div><\/div>\n\t\t\t\t<\/div>\n\n\t\t\t\n\t\t\t\t<div\n\t\t\t\t\tclass=\"b-gallery-item\"\n\t\t\t\t\tdata-watch\n\t\t\t\t\tdata-watch-enter=\"0.65\"\n\t\t\t\t\tdata-watch-class=\"item-on-screen\">\n\t\t\t\t\t<div class=\"image image--with-layer\"><div class=\"layer\" style=\"background-image: url(https:\/\/tribu.co\/wp-content\/uploads\/2025\/12\/PHOTO-MARCOM_2-scaled.jpg)\"><\/div><\/div>\n\t\t\t\t<\/div>\n\n\t\t\t\n\t\t<\/div>\n\n\t<\/div>\n<\/section>\n\n<section block class=\"b-text\" data-watch>\n\t<div class=\"container-narrow container--align-left\">\n\t\t<div class=\"b-text-content wysiwyg wysiwyg--text\">\n\t\t\t<p style=\"text-align: center;\">_______<\/p>\n<h3 style=\"text-align: center;\">Le mot de la fin pour <strong>Micah, <em>Fondateur &amp; PDG de Tribu<\/em><\/strong>:<\/h3>\n<h3 style=\"text-align: center;\">&#8220;<em>En 2040, on aura plus de 20 \u00e9v\u00e9nements JACKALOPE par ann\u00e9e, du contenu distribu\u00e9 partout, cha\u00eenes sportives, avions, plateformes internationales. Tribu aura des \u00e9quipes sur chaque continent, un v\u00e9ritable \u00e9cosyst\u00e8me mondial&#8221;<\/em><\/h3>\n<p style=\"text-align: center;\">_______<\/p>\n<h2 style=\"text-align: center;\">On se donne rendez-vous sur la Lune ?<\/h2>\n\n\t\t<\/div>\n\t<\/div>\n<\/section>","protected":false},"excerpt":{"rendered":"","protected":false},"author":3,"featured_media":14081,"comment_status":"closed","ping_status":"closed","sticky":true,"template":"","format":"standard","meta":{"_acf_changed":false,"content-type":"","footnotes":""},"categories":[2,91,95,94],"tags":[240,155,106,177,121],"class_list":["post-13968","post","type-post","status-publish","format-standard","has-post-thumbnail","hentry","category-international","category-marketing","category-news","category-sports-action","tag-15ans","tag-festival","tag-marketing","tag-social-media","tag-tribu"],"acf":[],"yoast_head":"<!-- This site is optimized with the Yoast SEO plugin v26.7 - https:\/\/yoast.com\/wordpress\/plugins\/seo\/ -->\n<title>SWEET FIFTEEN : QUAND TRIBU A GRANDI, SANS PERDRE SON \u00c2ME - Tribu Exp\u00e9rientiel<\/title>\n<meta name=\"description\" content=\"En cette p\u00e9riode de fin d\u2019ann\u00e9e, imaginez le crew autour d\u2019un repas, chacun partageant sa vision de Tribu et ses milestones.\" \/>\n<meta name=\"robots\" content=\"index, follow, max-snippet:-1, max-image-preview:large, max-video-preview:-1\" \/>\n<link rel=\"canonical\" href=\"https:\/\/tribu.co\/fr\/sweet-fifteen-quand-tribu-a-grandi-sans-perdre-son-ame\/\" \/>\n<meta property=\"og:locale\" content=\"fr_CA\" \/>\n<meta property=\"og:type\" content=\"article\" \/>\n<meta property=\"og:title\" content=\"SWEET FIFTEEN : QUAND TRIBU A GRANDI, SANS PERDRE SON \u00c2ME - Tribu Exp\u00e9rientiel\" \/>\n<meta property=\"og:description\" content=\"En cette p\u00e9riode de fin d\u2019ann\u00e9e, imaginez le crew autour d\u2019un repas, chacun partageant sa vision de Tribu et ses milestones.\" \/>\n<meta property=\"og:url\" content=\"https:\/\/tribu.co\/fr\/sweet-fifteen-quand-tribu-a-grandi-sans-perdre-son-ame\/\" \/>\n<meta property=\"og:site_name\" content=\"Tribu Exp\u00e9rientiel\" \/>\n<meta property=\"article:publisher\" content=\"https:\/\/www.facebook.com\/TribuExperientiel\/\" \/>\n<meta property=\"article:published_time\" content=\"2025-12-17T22:33:48+00:00\" \/>\n<meta property=\"article:modified_time\" content=\"2025-12-18T18:18:39+00:00\" \/>\n<meta property=\"og:image\" content=\"https:\/\/tribu.co\/app\/uploads\/2025\/12\/Tribu-15-ans_JP-scaled.jpg\" \/>\n\t<meta property=\"og:image:width\" content=\"2560\" \/>\n\t<meta property=\"og:image:height\" content=\"1707\" \/>\n\t<meta property=\"og:image:type\" content=\"image\/jpeg\" \/>\n<meta name=\"author\" content=\"cecilia\" \/>\n<meta name=\"twitter:card\" content=\"summary_large_image\" \/>\n<meta name=\"twitter:creator\" content=\"@tribu_exp\" \/>\n<meta name=\"twitter:site\" content=\"@tribu_exp\" \/>\n<meta name=\"twitter:label1\" content=\"Written by\" \/>\n\t<meta name=\"twitter:data1\" content=\"cecilia\" \/>\n\t<meta name=\"twitter:label2\" content=\"Est. reading time\" \/>\n\t<meta name=\"twitter:data2\" content=\"1 minute\" \/>\n<script type=\"application\/ld+json\" class=\"yoast-schema-graph\">{\"@context\":\"https:\/\/schema.org\",\"@graph\":[{\"@type\":\"Article\",\"@id\":\"https:\/\/tribu.co\/fr\/sweet-fifteen-quand-tribu-a-grandi-sans-perdre-son-ame\/#article\",\"isPartOf\":{\"@id\":\"https:\/\/tribu.co\/fr\/sweet-fifteen-quand-tribu-a-grandi-sans-perdre-son-ame\/\"},\"author\":{\"name\":\"cecilia\",\"@id\":\"https:\/\/tribu.co\/#\/schema\/person\/683e520efa843449d6b9c19d4ee7ca9a\"},\"headline\":\"SWEET FIFTEEN : QUAND TRIBU A GRANDI, SANS PERDRE SON \u00c2ME\",\"datePublished\":\"2025-12-17T22:33:48+00:00\",\"dateModified\":\"2025-12-18T18:18:39+00:00\",\"mainEntityOfPage\":{\"@id\":\"https:\/\/tribu.co\/fr\/sweet-fifteen-quand-tribu-a-grandi-sans-perdre-son-ame\/\"},\"wordCount\":10,\"publisher\":{\"@id\":\"https:\/\/tribu.co\/#organization\"},\"image\":{\"@id\":\"https:\/\/tribu.co\/fr\/sweet-fifteen-quand-tribu-a-grandi-sans-perdre-son-ame\/#primaryimage\"},\"thumbnailUrl\":\"https:\/\/tribu.co\/wp-content\/uploads\/2025\/12\/Tribu-15-ans_JP-scaled.jpg\",\"keywords\":[\"15ans\",\"festival\",\"marketing\",\"social media\",\"tribu\"],\"articleSection\":[\"International\",\"Marketing\",\"News\",\"Sports d'action\"],\"inLanguage\":\"fr-CA\"},{\"@type\":\"WebPage\",\"@id\":\"https:\/\/tribu.co\/fr\/sweet-fifteen-quand-tribu-a-grandi-sans-perdre-son-ame\/\",\"url\":\"https:\/\/tribu.co\/fr\/sweet-fifteen-quand-tribu-a-grandi-sans-perdre-son-ame\/\",\"name\":\"SWEET FIFTEEN : QUAND TRIBU A GRANDI, SANS PERDRE SON \u00c2ME - Tribu Exp\u00e9rientiel\",\"isPartOf\":{\"@id\":\"https:\/\/tribu.co\/#website\"},\"primaryImageOfPage\":{\"@id\":\"https:\/\/tribu.co\/fr\/sweet-fifteen-quand-tribu-a-grandi-sans-perdre-son-ame\/#primaryimage\"},\"image\":{\"@id\":\"https:\/\/tribu.co\/fr\/sweet-fifteen-quand-tribu-a-grandi-sans-perdre-son-ame\/#primaryimage\"},\"thumbnailUrl\":\"https:\/\/tribu.co\/wp-content\/uploads\/2025\/12\/Tribu-15-ans_JP-scaled.jpg\",\"datePublished\":\"2025-12-17T22:33:48+00:00\",\"dateModified\":\"2025-12-18T18:18:39+00:00\",\"description\":\"En cette p\u00e9riode de fin d\u2019ann\u00e9e, imaginez le crew autour d\u2019un repas, chacun partageant sa vision de Tribu et ses milestones.\",\"breadcrumb\":{\"@id\":\"https:\/\/tribu.co\/fr\/sweet-fifteen-quand-tribu-a-grandi-sans-perdre-son-ame\/#breadcrumb\"},\"inLanguage\":\"fr-CA\",\"potentialAction\":[{\"@type\":\"ReadAction\",\"target\":[\"https:\/\/tribu.co\/fr\/sweet-fifteen-quand-tribu-a-grandi-sans-perdre-son-ame\/\"]}]},{\"@type\":\"ImageObject\",\"inLanguage\":\"fr-CA\",\"@id\":\"https:\/\/tribu.co\/fr\/sweet-fifteen-quand-tribu-a-grandi-sans-perdre-son-ame\/#primaryimage\",\"url\":\"https:\/\/tribu.co\/wp-content\/uploads\/2025\/12\/Tribu-15-ans_JP-scaled.jpg\",\"contentUrl\":\"https:\/\/tribu.co\/wp-content\/uploads\/2025\/12\/Tribu-15-ans_JP-scaled.jpg\",\"width\":2560,\"height\":1707},{\"@type\":\"BreadcrumbList\",\"@id\":\"https:\/\/tribu.co\/fr\/sweet-fifteen-quand-tribu-a-grandi-sans-perdre-son-ame\/#breadcrumb\",\"itemListElement\":[{\"@type\":\"ListItem\",\"position\":1,\"name\":\"Home\",\"item\":\"https:\/\/tribu.co\/fr\/accueil\/\"},{\"@type\":\"ListItem\",\"position\":2,\"name\":\"SWEET FIFTEEN : QUAND TRIBU A GRANDI, SANS PERDRE SON \u00c2ME\"}]},{\"@type\":\"WebSite\",\"@id\":\"https:\/\/tribu.co\/#website\",\"url\":\"https:\/\/tribu.co\/\",\"name\":\"Tribu\",\"description\":\"Integrated experiences\",\"publisher\":{\"@id\":\"https:\/\/tribu.co\/#organization\"},\"potentialAction\":[{\"@type\":\"SearchAction\",\"target\":{\"@type\":\"EntryPoint\",\"urlTemplate\":\"https:\/\/tribu.co\/?s={search_term_string}\"},\"query-input\":{\"@type\":\"PropertyValueSpecification\",\"valueRequired\":true,\"valueName\":\"search_term_string\"}}],\"inLanguage\":\"fr-CA\"},{\"@type\":\"Organization\",\"@id\":\"https:\/\/tribu.co\/#organization\",\"name\":\"Tribu\",\"url\":\"https:\/\/tribu.co\/\",\"logo\":{\"@type\":\"ImageObject\",\"inLanguage\":\"fr-CA\",\"@id\":\"https:\/\/tribu.co\/#\/schema\/logo\/image\/\",\"url\":\"https:\/\/tribu.co\/app\/uploads\/2020\/03\/Tribu-Header.png\",\"contentUrl\":\"https:\/\/tribu.co\/app\/uploads\/2020\/03\/Tribu-Header.png\",\"width\":2500,\"height\":1398,\"caption\":\"Tribu\"},\"image\":{\"@id\":\"https:\/\/tribu.co\/#\/schema\/logo\/image\/\"},\"sameAs\":[\"https:\/\/www.facebook.com\/TribuExperientiel\/\",\"https:\/\/x.com\/tribu_exp\",\"https:\/\/www.instagram.com\/tribuexperientiel\/\",\"https:\/\/www.linkedin.com\/tribuexperientiel\/\"]},{\"@type\":\"Person\",\"@id\":\"https:\/\/tribu.co\/#\/schema\/person\/683e520efa843449d6b9c19d4ee7ca9a\",\"name\":\"cecilia\",\"image\":{\"@type\":\"ImageObject\",\"inLanguage\":\"fr-CA\",\"@id\":\"https:\/\/tribu.co\/#\/schema\/person\/image\/\",\"url\":\"https:\/\/secure.gravatar.com\/avatar\/3dc7510da3f41bfb3b3a532f6add885f60111af0f9869aeb08e47c4c53d88aae?s=96&d=mm&r=g\",\"contentUrl\":\"https:\/\/secure.gravatar.com\/avatar\/3dc7510da3f41bfb3b3a532f6add885f60111af0f9869aeb08e47c4c53d88aae?s=96&d=mm&r=g\",\"caption\":\"cecilia\"},\"url\":\"https:\/\/tribu.co\/fr\/author\/cecilia\/\"}]}<\/script>\n<!-- \/ Yoast SEO plugin. -->","yoast_head_json":{"title":"SWEET FIFTEEN : QUAND TRIBU A GRANDI, SANS PERDRE SON \u00c2ME - Tribu Exp\u00e9rientiel","description":"En cette p\u00e9riode de fin d\u2019ann\u00e9e, imaginez le crew autour d\u2019un repas, chacun partageant sa vision de Tribu et ses milestones.","robots":{"index":"index","follow":"follow","max-snippet":"max-snippet:-1","max-image-preview":"max-image-preview:large","max-video-preview":"max-video-preview:-1"},"canonical":"https:\/\/tribu.co\/fr\/sweet-fifteen-quand-tribu-a-grandi-sans-perdre-son-ame\/","og_locale":"fr_CA","og_type":"article","og_title":"SWEET FIFTEEN : QUAND TRIBU A GRANDI, SANS PERDRE SON \u00c2ME - Tribu Exp\u00e9rientiel","og_description":"En cette p\u00e9riode de fin d\u2019ann\u00e9e, imaginez le crew autour d\u2019un repas, chacun partageant sa vision de Tribu et ses milestones.","og_url":"https:\/\/tribu.co\/fr\/sweet-fifteen-quand-tribu-a-grandi-sans-perdre-son-ame\/","og_site_name":"Tribu Exp\u00e9rientiel","article_publisher":"https:\/\/www.facebook.com\/TribuExperientiel\/","article_published_time":"2025-12-17T22:33:48+00:00","article_modified_time":"2025-12-18T18:18:39+00:00","og_image":[{"width":2560,"height":1707,"url":"https:\/\/tribu.co\/app\/uploads\/2025\/12\/Tribu-15-ans_JP-scaled.jpg","type":"image\/jpeg"}],"author":"cecilia","twitter_card":"summary_large_image","twitter_creator":"@tribu_exp","twitter_site":"@tribu_exp","twitter_misc":{"Written by":"cecilia","Est. reading time":"1 minute"},"schema":{"@context":"https:\/\/schema.org","@graph":[{"@type":"Article","@id":"https:\/\/tribu.co\/fr\/sweet-fifteen-quand-tribu-a-grandi-sans-perdre-son-ame\/#article","isPartOf":{"@id":"https:\/\/tribu.co\/fr\/sweet-fifteen-quand-tribu-a-grandi-sans-perdre-son-ame\/"},"author":{"name":"cecilia","@id":"https:\/\/tribu.co\/#\/schema\/person\/683e520efa843449d6b9c19d4ee7ca9a"},"headline":"SWEET FIFTEEN : QUAND TRIBU A GRANDI, SANS PERDRE SON \u00c2ME","datePublished":"2025-12-17T22:33:48+00:00","dateModified":"2025-12-18T18:18:39+00:00","mainEntityOfPage":{"@id":"https:\/\/tribu.co\/fr\/sweet-fifteen-quand-tribu-a-grandi-sans-perdre-son-ame\/"},"wordCount":10,"publisher":{"@id":"https:\/\/tribu.co\/#organization"},"image":{"@id":"https:\/\/tribu.co\/fr\/sweet-fifteen-quand-tribu-a-grandi-sans-perdre-son-ame\/#primaryimage"},"thumbnailUrl":"https:\/\/tribu.co\/wp-content\/uploads\/2025\/12\/Tribu-15-ans_JP-scaled.jpg","keywords":["15ans","festival","marketing","social media","tribu"],"articleSection":["International","Marketing","News","Sports d'action"],"inLanguage":"fr-CA"},{"@type":"WebPage","@id":"https:\/\/tribu.co\/fr\/sweet-fifteen-quand-tribu-a-grandi-sans-perdre-son-ame\/","url":"https:\/\/tribu.co\/fr\/sweet-fifteen-quand-tribu-a-grandi-sans-perdre-son-ame\/","name":"SWEET FIFTEEN : QUAND TRIBU A GRANDI, SANS PERDRE SON \u00c2ME - Tribu Exp\u00e9rientiel","isPartOf":{"@id":"https:\/\/tribu.co\/#website"},"primaryImageOfPage":{"@id":"https:\/\/tribu.co\/fr\/sweet-fifteen-quand-tribu-a-grandi-sans-perdre-son-ame\/#primaryimage"},"image":{"@id":"https:\/\/tribu.co\/fr\/sweet-fifteen-quand-tribu-a-grandi-sans-perdre-son-ame\/#primaryimage"},"thumbnailUrl":"https:\/\/tribu.co\/wp-content\/uploads\/2025\/12\/Tribu-15-ans_JP-scaled.jpg","datePublished":"2025-12-17T22:33:48+00:00","dateModified":"2025-12-18T18:18:39+00:00","description":"En cette p\u00e9riode de fin d\u2019ann\u00e9e, imaginez le crew autour d\u2019un repas, chacun partageant sa vision de Tribu et ses milestones.","breadcrumb":{"@id":"https:\/\/tribu.co\/fr\/sweet-fifteen-quand-tribu-a-grandi-sans-perdre-son-ame\/#breadcrumb"},"inLanguage":"fr-CA","potentialAction":[{"@type":"ReadAction","target":["https:\/\/tribu.co\/fr\/sweet-fifteen-quand-tribu-a-grandi-sans-perdre-son-ame\/"]}]},{"@type":"ImageObject","inLanguage":"fr-CA","@id":"https:\/\/tribu.co\/fr\/sweet-fifteen-quand-tribu-a-grandi-sans-perdre-son-ame\/#primaryimage","url":"https:\/\/tribu.co\/wp-content\/uploads\/2025\/12\/Tribu-15-ans_JP-scaled.jpg","contentUrl":"https:\/\/tribu.co\/wp-content\/uploads\/2025\/12\/Tribu-15-ans_JP-scaled.jpg","width":2560,"height":1707},{"@type":"BreadcrumbList","@id":"https:\/\/tribu.co\/fr\/sweet-fifteen-quand-tribu-a-grandi-sans-perdre-son-ame\/#breadcrumb","itemListElement":[{"@type":"ListItem","position":1,"name":"Home","item":"https:\/\/tribu.co\/fr\/accueil\/"},{"@type":"ListItem","position":2,"name":"SWEET FIFTEEN : QUAND TRIBU A GRANDI, SANS PERDRE SON \u00c2ME"}]},{"@type":"WebSite","@id":"https:\/\/tribu.co\/#website","url":"https:\/\/tribu.co\/","name":"Tribu","description":"Integrated experiences","publisher":{"@id":"https:\/\/tribu.co\/#organization"},"potentialAction":[{"@type":"SearchAction","target":{"@type":"EntryPoint","urlTemplate":"https:\/\/tribu.co\/?s={search_term_string}"},"query-input":{"@type":"PropertyValueSpecification","valueRequired":true,"valueName":"search_term_string"}}],"inLanguage":"fr-CA"},{"@type":"Organization","@id":"https:\/\/tribu.co\/#organization","name":"Tribu","url":"https:\/\/tribu.co\/","logo":{"@type":"ImageObject","inLanguage":"fr-CA","@id":"https:\/\/tribu.co\/#\/schema\/logo\/image\/","url":"https:\/\/tribu.co\/app\/uploads\/2020\/03\/Tribu-Header.png","contentUrl":"https:\/\/tribu.co\/app\/uploads\/2020\/03\/Tribu-Header.png","width":2500,"height":1398,"caption":"Tribu"},"image":{"@id":"https:\/\/tribu.co\/#\/schema\/logo\/image\/"},"sameAs":["https:\/\/www.facebook.com\/TribuExperientiel\/","https:\/\/x.com\/tribu_exp","https:\/\/www.instagram.com\/tribuexperientiel\/","https:\/\/www.linkedin.com\/tribuexperientiel\/"]},{"@type":"Person","@id":"https:\/\/tribu.co\/#\/schema\/person\/683e520efa843449d6b9c19d4ee7ca9a","name":"cecilia","image":{"@type":"ImageObject","inLanguage":"fr-CA","@id":"https:\/\/tribu.co\/#\/schema\/person\/image\/","url":"https:\/\/secure.gravatar.com\/avatar\/3dc7510da3f41bfb3b3a532f6add885f60111af0f9869aeb08e47c4c53d88aae?s=96&d=mm&r=g","contentUrl":"https:\/\/secure.gravatar.com\/avatar\/3dc7510da3f41bfb3b3a532f6add885f60111af0f9869aeb08e47c4c53d88aae?s=96&d=mm&r=g","caption":"cecilia"},"url":"https:\/\/tribu.co\/fr\/author\/cecilia\/"}]}},"_links":{"self":[{"href":"https:\/\/tribu.co\/fr\/wp-json\/wp\/v2\/posts\/13968","targetHints":{"allow":["GET"]}}],"collection":[{"href":"https:\/\/tribu.co\/fr\/wp-json\/wp\/v2\/posts"}],"about":[{"href":"https:\/\/tribu.co\/fr\/wp-json\/wp\/v2\/types\/post"}],"author":[{"embeddable":true,"href":"https:\/\/tribu.co\/fr\/wp-json\/wp\/v2\/users\/3"}],"replies":[{"embeddable":true,"href":"https:\/\/tribu.co\/fr\/wp-json\/wp\/v2\/comments?post=13968"}],"version-history":[{"count":118,"href":"https:\/\/tribu.co\/fr\/wp-json\/wp\/v2\/posts\/13968\/revisions"}],"predecessor-version":[{"id":14186,"href":"https:\/\/tribu.co\/fr\/wp-json\/wp\/v2\/posts\/13968\/revisions\/14186"}],"wp:featuredmedia":[{"embeddable":true,"href":"https:\/\/tribu.co\/fr\/wp-json\/wp\/v2\/media\/14081"}],"wp:attachment":[{"href":"https:\/\/tribu.co\/fr\/wp-json\/wp\/v2\/media?parent=13968"}],"wp:term":[{"taxonomy":"category","embeddable":true,"href":"https:\/\/tribu.co\/fr\/wp-json\/wp\/v2\/categories?post=13968"},{"taxonomy":"post_tag","embeddable":true,"href":"https:\/\/tribu.co\/fr\/wp-json\/wp\/v2\/tags?post=13968"}],"curies":[{"name":"wp","href":"https:\/\/api.w.org\/{rel}","templated":true}]}}