{"id":3849,"date":"2020-04-16T10:00:44","date_gmt":"2020-04-16T15:00:44","guid":{"rendered":"https:\/\/tribu.co\/?p=3849"},"modified":"2020-09-03T14:49:02","modified_gmt":"2020-09-03T19:49:02","slug":"mise-a-jour-covid-19","status":"publish","type":"post","link":"https:\/\/tribu.co\/fr\/mise-a-jour-covid-19\/","title":{"rendered":"Mise \u00e0 jour COVID-19"},"content":{"rendered":"<section block class=\"b-text\" data-watch>\n\t<div class=\"container-narrow container--align-left\">\n\t\t<div class=\"b-text-content wysiwyg wysiwyg--text\">\n\t\t\t<p>Nous traversons tous de nombreux bouleversements depuis plusieurs semaines.\u00a0L\u2019annulation de plusieurs \u00e9v\u00e9nements sportifs est un coup dur pour les joueurs de l\u2019industrie.<\/p>\n<p>Tribu prend tr\u00e8s au s\u00e9rieux les risques li\u00e9s au COVID-19, la sant\u00e9 et la s\u00e9curit\u00e9 des participants, athl\u00e8tes, employ\u00e9s et partenaires ayant toujours \u00e9t\u00e9 notre priorit\u00e9. Dans ce contexte, et plus que jamais, il est essentiel de demeurer responsables et solidaires.<\/p>\n<p>En raison du contexte de la COVID-19 et de la position du gouvernement du Qu\u00e9bec interdisant la tenue d&#8217;\u00e9v\u00e9nements jusqu\u2019au 31 ao\u00fbt 2020, de concert avec les promoteurs de nos \u00e9v\u00e9nements et activations, <strong>nous avons annul\u00e9 ou report\u00e9 toutes nos activit\u00e9s estivales.<\/strong><\/p>\n<p>D&#8217;une certaine mani\u00e8re, <strong>jamais le fait de se rassembler n&#8217;a \u00e9t\u00e9 aussi important<\/strong>, et les communaut\u00e9s sont <strong>plus connect\u00e9es que jamais<\/strong>.<\/p>\n<p>Nous sommes en mode solutions avec nos partenaires et collaborateurs, pour <strong>faire de la contrainte un inspirant levier de cr\u00e9ativit\u00e9<\/strong> et vous proposer d\u2019autres exp\u00e9riences plus adapt\u00e9es au contexte.<\/p>\n<p>\u00c0 plus long terme, dans un contexte plus stable dans lequel les rassemblements seront possibles, nous suivrons toutes les recommandations jug\u00e9es n\u00e9cessaires par les experts pour offrir les meilleures normes de s\u00e9curit\u00e9, de s\u00fbret\u00e9 et de bien-\u00eatre lors de nos prochains \u00e9v\u00e9nements.<\/p>\n<p>On voudrait aussi prendre une minute pour remercier du fond du coeur ceux et celles qui travaillent sans rel\u00e2che afin de nous garder en sant\u00e9, nous prot\u00e9ger et nous nourrir durant cette p\u00e9riode de turbulences.<\/p>\n<p>?D&#8217;ici l\u00e0 prenez soin de vous, des autres, de la plan\u00e8te, et gardez un oeil sur <a href=\"https:\/\/www.facebook.com\/TribuExperientiel\">nous<\/a> pour ne rien manquer.<\/p>\n\n\t\t<\/div>\n\t<\/div>\n<\/section>","protected":false},"excerpt":{"rendered":"","protected":false},"author":3,"featured_media":3893,"comment_status":"open","ping_status":"open","sticky":false,"template":"","format":"standard","meta":{"_acf_changed":false,"content-type":"","footnotes":""},"categories":[95],"tags":[],"class_list":["post-3849","post","type-post","status-publish","format-standard","has-post-thumbnail","hentry","category-news"],"acf":[],"yoast_head":"<!-- This site is optimized with the Yoast SEO plugin v26.7 - https:\/\/yoast.com\/wordpress\/plugins\/seo\/ -->\n<title>Mise \u00e0 jour COVID-19 - Tribu Exp\u00e9rientiel<\/title>\n<meta name=\"description\" content=\"Tribu prend au s\u00e9rieux la crise du COVID-19, la sant\u00e9 et la s\u00e9curit\u00e9 des participants, athl\u00e8tes, employ\u00e9s et partenaires \u00e9tant sa priorit\u00e9.\" \/>\n<meta name=\"robots\" content=\"index, follow, max-snippet:-1, max-image-preview:large, max-video-preview:-1\" \/>\n<link rel=\"canonical\" href=\"https:\/\/tribu.co\/fr\/mise-a-jour-covid-19\/\" \/>\n<meta property=\"og:locale\" content=\"fr_CA\" \/>\n<meta property=\"og:type\" content=\"article\" \/>\n<meta property=\"og:title\" content=\"Mise \u00e0 jour COVID-19 - Tribu Exp\u00e9rientiel\" \/>\n<meta property=\"og:description\" content=\"Tribu prend au s\u00e9rieux la crise du COVID-19, la sant\u00e9 et la s\u00e9curit\u00e9 des participants, athl\u00e8tes, employ\u00e9s et partenaires \u00e9tant sa priorit\u00e9.\" \/>\n<meta property=\"og:url\" content=\"https:\/\/tribu.co\/fr\/mise-a-jour-covid-19\/\" \/>\n<meta property=\"og:site_name\" content=\"Tribu Exp\u00e9rientiel\" \/>\n<meta property=\"article:publisher\" content=\"https:\/\/www.facebook.com\/TribuExperientiel\/\" \/>\n<meta property=\"article:published_time\" content=\"2020-04-16T15:00:44+00:00\" \/>\n<meta property=\"article:modified_time\" content=\"2020-09-03T19:49:02+00:00\" \/>\n<meta property=\"og:image\" content=\"https:\/\/tribu.co\/app\/uploads\/2020\/03\/Tribu-Header-2.jpg\" \/>\n\t<meta property=\"og:image:width\" content=\"4096\" \/>\n\t<meta property=\"og:image:height\" content=\"2399\" \/>\n\t<meta property=\"og:image:type\" content=\"image\/jpeg\" \/>\n<meta name=\"author\" content=\"cecilia\" \/>\n<meta name=\"twitter:card\" content=\"summary_large_image\" \/>\n<meta name=\"twitter:creator\" content=\"@tribu_exp\" \/>\n<meta name=\"twitter:site\" content=\"@tribu_exp\" \/>\n<meta name=\"twitter:label1\" content=\"Written by\" \/>\n\t<meta name=\"twitter:data1\" content=\"cecilia\" \/>\n<script type=\"application\/ld+json\" class=\"yoast-schema-graph\">{\"@context\":\"https:\/\/schema.org\",\"@graph\":[{\"@type\":\"Article\",\"@id\":\"https:\/\/tribu.co\/fr\/mise-a-jour-covid-19\/#article\",\"isPartOf\":{\"@id\":\"https:\/\/tribu.co\/fr\/mise-a-jour-covid-19\/\"},\"author\":{\"name\":\"cecilia\",\"@id\":\"https:\/\/tribu.co\/#\/schema\/person\/683e520efa843449d6b9c19d4ee7ca9a\"},\"headline\":\"Mise \u00e0 jour COVID-19\",\"datePublished\":\"2020-04-16T15:00:44+00:00\",\"dateModified\":\"2020-09-03T19:49:02+00:00\",\"mainEntityOfPage\":{\"@id\":\"https:\/\/tribu.co\/fr\/mise-a-jour-covid-19\/\"},\"wordCount\":3,\"commentCount\":0,\"publisher\":{\"@id\":\"https:\/\/tribu.co\/#organization\"},\"image\":{\"@id\":\"https:\/\/tribu.co\/fr\/mise-a-jour-covid-19\/#primaryimage\"},\"thumbnailUrl\":\"https:\/\/tribu.co\/wp-content\/uploads\/2020\/03\/Tribu-Header-2.jpg\",\"articleSection\":[\"News\"],\"inLanguage\":\"fr-CA\"},{\"@type\":\"WebPage\",\"@id\":\"https:\/\/tribu.co\/fr\/mise-a-jour-covid-19\/\",\"url\":\"https:\/\/tribu.co\/fr\/mise-a-jour-covid-19\/\",\"name\":\"Mise \u00e0 jour COVID-19 - Tribu Exp\u00e9rientiel\",\"isPartOf\":{\"@id\":\"https:\/\/tribu.co\/#website\"},\"primaryImageOfPage\":{\"@id\":\"https:\/\/tribu.co\/fr\/mise-a-jour-covid-19\/#primaryimage\"},\"image\":{\"@id\":\"https:\/\/tribu.co\/fr\/mise-a-jour-covid-19\/#primaryimage\"},\"thumbnailUrl\":\"https:\/\/tribu.co\/wp-content\/uploads\/2020\/03\/Tribu-Header-2.jpg\",\"datePublished\":\"2020-04-16T15:00:44+00:00\",\"dateModified\":\"2020-09-03T19:49:02+00:00\",\"description\":\"Tribu prend au s\u00e9rieux la crise du COVID-19, la sant\u00e9 et la s\u00e9curit\u00e9 des participants, athl\u00e8tes, employ\u00e9s et partenaires \u00e9tant sa priorit\u00e9.\",\"breadcrumb\":{\"@id\":\"https:\/\/tribu.co\/fr\/mise-a-jour-covid-19\/#breadcrumb\"},\"inLanguage\":\"fr-CA\",\"potentialAction\":[{\"@type\":\"ReadAction\",\"target\":[\"https:\/\/tribu.co\/fr\/mise-a-jour-covid-19\/\"]}]},{\"@type\":\"ImageObject\",\"inLanguage\":\"fr-CA\",\"@id\":\"https:\/\/tribu.co\/fr\/mise-a-jour-covid-19\/#primaryimage\",\"url\":\"https:\/\/tribu.co\/wp-content\/uploads\/2020\/03\/Tribu-Header-2.jpg\",\"contentUrl\":\"https:\/\/tribu.co\/wp-content\/uploads\/2020\/03\/Tribu-Header-2.jpg\",\"width\":4096,\"height\":2399},{\"@type\":\"BreadcrumbList\",\"@id\":\"https:\/\/tribu.co\/fr\/mise-a-jour-covid-19\/#breadcrumb\",\"itemListElement\":[{\"@type\":\"ListItem\",\"position\":1,\"name\":\"Home\",\"item\":\"https:\/\/tribu.co\/fr\/accueil\/\"},{\"@type\":\"ListItem\",\"position\":2,\"name\":\"Mise \u00e0 jour COVID-19\"}]},{\"@type\":\"WebSite\",\"@id\":\"https:\/\/tribu.co\/#website\",\"url\":\"https:\/\/tribu.co\/\",\"name\":\"Tribu\",\"description\":\"Integrated experiences\",\"publisher\":{\"@id\":\"https:\/\/tribu.co\/#organization\"},\"potentialAction\":[{\"@type\":\"SearchAction\",\"target\":{\"@type\":\"EntryPoint\",\"urlTemplate\":\"https:\/\/tribu.co\/?s={search_term_string}\"},\"query-input\":{\"@type\":\"PropertyValueSpecification\",\"valueRequired\":true,\"valueName\":\"search_term_string\"}}],\"inLanguage\":\"fr-CA\"},{\"@type\":\"Organization\",\"@id\":\"https:\/\/tribu.co\/#organization\",\"name\":\"Tribu\",\"url\":\"https:\/\/tribu.co\/\",\"logo\":{\"@type\":\"ImageObject\",\"inLanguage\":\"fr-CA\",\"@id\":\"https:\/\/tribu.co\/#\/schema\/logo\/image\/\",\"url\":\"https:\/\/tribu.co\/app\/uploads\/2020\/03\/Tribu-Header.png\",\"contentUrl\":\"https:\/\/tribu.co\/app\/uploads\/2020\/03\/Tribu-Header.png\",\"width\":2500,\"height\":1398,\"caption\":\"Tribu\"},\"image\":{\"@id\":\"https:\/\/tribu.co\/#\/schema\/logo\/image\/\"},\"sameAs\":[\"https:\/\/www.facebook.com\/TribuExperientiel\/\",\"https:\/\/x.com\/tribu_exp\",\"https:\/\/www.instagram.com\/tribuexperientiel\/\",\"https:\/\/www.linkedin.com\/tribuexperientiel\/\"]},{\"@type\":\"Person\",\"@id\":\"https:\/\/tribu.co\/#\/schema\/person\/683e520efa843449d6b9c19d4ee7ca9a\",\"name\":\"cecilia\",\"image\":{\"@type\":\"ImageObject\",\"inLanguage\":\"fr-CA\",\"@id\":\"https:\/\/tribu.co\/#\/schema\/person\/image\/\",\"url\":\"https:\/\/secure.gravatar.com\/avatar\/3dc7510da3f41bfb3b3a532f6add885f60111af0f9869aeb08e47c4c53d88aae?s=96&d=mm&r=g\",\"contentUrl\":\"https:\/\/secure.gravatar.com\/avatar\/3dc7510da3f41bfb3b3a532f6add885f60111af0f9869aeb08e47c4c53d88aae?s=96&d=mm&r=g\",\"caption\":\"cecilia\"},\"url\":\"https:\/\/tribu.co\/fr\/author\/cecilia\/\"}]}<\/script>\n<!-- \/ Yoast SEO plugin. -->","yoast_head_json":{"title":"Mise \u00e0 jour COVID-19 - Tribu Exp\u00e9rientiel","description":"Tribu prend au s\u00e9rieux la crise du COVID-19, la sant\u00e9 et la s\u00e9curit\u00e9 des participants, athl\u00e8tes, employ\u00e9s et partenaires \u00e9tant sa priorit\u00e9.","robots":{"index":"index","follow":"follow","max-snippet":"max-snippet:-1","max-image-preview":"max-image-preview:large","max-video-preview":"max-video-preview:-1"},"canonical":"https:\/\/tribu.co\/fr\/mise-a-jour-covid-19\/","og_locale":"fr_CA","og_type":"article","og_title":"Mise \u00e0 jour COVID-19 - Tribu Exp\u00e9rientiel","og_description":"Tribu prend au s\u00e9rieux la crise du COVID-19, la sant\u00e9 et la s\u00e9curit\u00e9 des participants, athl\u00e8tes, employ\u00e9s et partenaires \u00e9tant sa priorit\u00e9.","og_url":"https:\/\/tribu.co\/fr\/mise-a-jour-covid-19\/","og_site_name":"Tribu Exp\u00e9rientiel","article_publisher":"https:\/\/www.facebook.com\/TribuExperientiel\/","article_published_time":"2020-04-16T15:00:44+00:00","article_modified_time":"2020-09-03T19:49:02+00:00","og_image":[{"width":4096,"height":2399,"url":"https:\/\/tribu.co\/app\/uploads\/2020\/03\/Tribu-Header-2.jpg","type":"image\/jpeg"}],"author":"cecilia","twitter_card":"summary_large_image","twitter_creator":"@tribu_exp","twitter_site":"@tribu_exp","twitter_misc":{"Written by":"cecilia"},"schema":{"@context":"https:\/\/schema.org","@graph":[{"@type":"Article","@id":"https:\/\/tribu.co\/fr\/mise-a-jour-covid-19\/#article","isPartOf":{"@id":"https:\/\/tribu.co\/fr\/mise-a-jour-covid-19\/"},"author":{"name":"cecilia","@id":"https:\/\/tribu.co\/#\/schema\/person\/683e520efa843449d6b9c19d4ee7ca9a"},"headline":"Mise \u00e0 jour COVID-19","datePublished":"2020-04-16T15:00:44+00:00","dateModified":"2020-09-03T19:49:02+00:00","mainEntityOfPage":{"@id":"https:\/\/tribu.co\/fr\/mise-a-jour-covid-19\/"},"wordCount":3,"commentCount":0,"publisher":{"@id":"https:\/\/tribu.co\/#organization"},"image":{"@id":"https:\/\/tribu.co\/fr\/mise-a-jour-covid-19\/#primaryimage"},"thumbnailUrl":"https:\/\/tribu.co\/wp-content\/uploads\/2020\/03\/Tribu-Header-2.jpg","articleSection":["News"],"inLanguage":"fr-CA"},{"@type":"WebPage","@id":"https:\/\/tribu.co\/fr\/mise-a-jour-covid-19\/","url":"https:\/\/tribu.co\/fr\/mise-a-jour-covid-19\/","name":"Mise \u00e0 jour COVID-19 - Tribu Exp\u00e9rientiel","isPartOf":{"@id":"https:\/\/tribu.co\/#website"},"primaryImageOfPage":{"@id":"https:\/\/tribu.co\/fr\/mise-a-jour-covid-19\/#primaryimage"},"image":{"@id":"https:\/\/tribu.co\/fr\/mise-a-jour-covid-19\/#primaryimage"},"thumbnailUrl":"https:\/\/tribu.co\/wp-content\/uploads\/2020\/03\/Tribu-Header-2.jpg","datePublished":"2020-04-16T15:00:44+00:00","dateModified":"2020-09-03T19:49:02+00:00","description":"Tribu prend au s\u00e9rieux la crise du COVID-19, la sant\u00e9 et la s\u00e9curit\u00e9 des participants, athl\u00e8tes, employ\u00e9s et partenaires \u00e9tant sa priorit\u00e9.","breadcrumb":{"@id":"https:\/\/tribu.co\/fr\/mise-a-jour-covid-19\/#breadcrumb"},"inLanguage":"fr-CA","potentialAction":[{"@type":"ReadAction","target":["https:\/\/tribu.co\/fr\/mise-a-jour-covid-19\/"]}]},{"@type":"ImageObject","inLanguage":"fr-CA","@id":"https:\/\/tribu.co\/fr\/mise-a-jour-covid-19\/#primaryimage","url":"https:\/\/tribu.co\/wp-content\/uploads\/2020\/03\/Tribu-Header-2.jpg","contentUrl":"https:\/\/tribu.co\/wp-content\/uploads\/2020\/03\/Tribu-Header-2.jpg","width":4096,"height":2399},{"@type":"BreadcrumbList","@id":"https:\/\/tribu.co\/fr\/mise-a-jour-covid-19\/#breadcrumb","itemListElement":[{"@type":"ListItem","position":1,"name":"Home","item":"https:\/\/tribu.co\/fr\/accueil\/"},{"@type":"ListItem","position":2,"name":"Mise \u00e0 jour COVID-19"}]},{"@type":"WebSite","@id":"https:\/\/tribu.co\/#website","url":"https:\/\/tribu.co\/","name":"Tribu","description":"Integrated experiences","publisher":{"@id":"https:\/\/tribu.co\/#organization"},"potentialAction":[{"@type":"SearchAction","target":{"@type":"EntryPoint","urlTemplate":"https:\/\/tribu.co\/?s={search_term_string}"},"query-input":{"@type":"PropertyValueSpecification","valueRequired":true,"valueName":"search_term_string"}}],"inLanguage":"fr-CA"},{"@type":"Organization","@id":"https:\/\/tribu.co\/#organization","name":"Tribu","url":"https:\/\/tribu.co\/","logo":{"@type":"ImageObject","inLanguage":"fr-CA","@id":"https:\/\/tribu.co\/#\/schema\/logo\/image\/","url":"https:\/\/tribu.co\/app\/uploads\/2020\/03\/Tribu-Header.png","contentUrl":"https:\/\/tribu.co\/app\/uploads\/2020\/03\/Tribu-Header.png","width":2500,"height":1398,"caption":"Tribu"},"image":{"@id":"https:\/\/tribu.co\/#\/schema\/logo\/image\/"},"sameAs":["https:\/\/www.facebook.com\/TribuExperientiel\/","https:\/\/x.com\/tribu_exp","https:\/\/www.instagram.com\/tribuexperientiel\/","https:\/\/www.linkedin.com\/tribuexperientiel\/"]},{"@type":"Person","@id":"https:\/\/tribu.co\/#\/schema\/person\/683e520efa843449d6b9c19d4ee7ca9a","name":"cecilia","image":{"@type":"ImageObject","inLanguage":"fr-CA","@id":"https:\/\/tribu.co\/#\/schema\/person\/image\/","url":"https:\/\/secure.gravatar.com\/avatar\/3dc7510da3f41bfb3b3a532f6add885f60111af0f9869aeb08e47c4c53d88aae?s=96&d=mm&r=g","contentUrl":"https:\/\/secure.gravatar.com\/avatar\/3dc7510da3f41bfb3b3a532f6add885f60111af0f9869aeb08e47c4c53d88aae?s=96&d=mm&r=g","caption":"cecilia"},"url":"https:\/\/tribu.co\/fr\/author\/cecilia\/"}]}},"_links":{"self":[{"href":"https:\/\/tribu.co\/fr\/wp-json\/wp\/v2\/posts\/3849","targetHints":{"allow":["GET"]}}],"collection":[{"href":"https:\/\/tribu.co\/fr\/wp-json\/wp\/v2\/posts"}],"about":[{"href":"https:\/\/tribu.co\/fr\/wp-json\/wp\/v2\/types\/post"}],"author":[{"embeddable":true,"href":"https:\/\/tribu.co\/fr\/wp-json\/wp\/v2\/users\/3"}],"replies":[{"embeddable":true,"href":"https:\/\/tribu.co\/fr\/wp-json\/wp\/v2\/comments?post=3849"}],"version-history":[{"count":0,"href":"https:\/\/tribu.co\/fr\/wp-json\/wp\/v2\/posts\/3849\/revisions"}],"wp:featuredmedia":[{"embeddable":true,"href":"https:\/\/tribu.co\/fr\/wp-json\/wp\/v2\/media\/3893"}],"wp:attachment":[{"href":"https:\/\/tribu.co\/fr\/wp-json\/wp\/v2\/media?parent=3849"}],"wp:term":[{"taxonomy":"category","embeddable":true,"href":"https:\/\/tribu.co\/fr\/wp-json\/wp\/v2\/categories?post=3849"},{"taxonomy":"post_tag","embeddable":true,"href":"https:\/\/tribu.co\/fr\/wp-json\/wp\/v2\/tags?post=3849"}],"curies":[{"name":"wp","href":"https:\/\/api.w.org\/{rel}","templated":true}]}}