{"id":5757,"date":"2020-09-03T07:52:04","date_gmt":"2020-09-03T12:52:04","guid":{"rendered":"https:\/\/tribu.co\/?p=5757"},"modified":"2020-12-14T13:50:49","modified_gmt":"2020-12-14T18:50:49","slug":"ete-2020-la-montee-en-puissance-des-sports-de-plein-air","status":"publish","type":"post","link":"https:\/\/tribu.co\/fr\/ete-2020-la-montee-en-puissance-des-sports-de-plein-air\/","title":{"rendered":"\u00c9t\u00e9 2020- La mont\u00e9e en puissance des sports de plein air"},"content":{"rendered":"<section block class=\"b-text\" data-watch>\n\t<div class=\"container-narrow container--align-left\">\n\t\t<div class=\"b-text-content wysiwyg wysiwyg--text\">\n\t\t\t<h6 style=\"text-align: center;\">Temps de lecture : 5 min<\/h6>\n<p>La pand\u00e9mie a boulevers\u00e9 les plans de plusieurs jeunes sportifs et leurs parents. En fait, la pand\u00e9mie a boulevers\u00e9 les plans de pas mal tous ceux qui aiment bouger.<\/p>\n<p>Partout \u00e0 travers le globe, des associations sportives et des \u00e9coles ont d\u00fb repousser les activit\u00e9s reli\u00e9es aux sports d\u2019\u00e9quipe pour \u00e9viter une potentielle propagation de la COVID-19.<\/p>\n<p>Comment les sportifs se sont-ils adapt\u00e9s \u00e0 la pand\u00e9mie? Quels sports ont-ils \u00e9t\u00e9 le plus touch\u00e9 par le coronavirus? Quels ont \u00e9t\u00e9 les impacts de la COVID-19 sur les centres sportifs \u00e0 travers le Qu\u00e9bec?<\/p>\n<p>Par exemple, dans le monde du football am\u00e9ricain, <a href=\"https:\/\/www.cbssports.com\/college-football\/news\/big-ten-cancels-college-football-season-for-fall-2020-hopes-to-play-in-spring-2021\/\">les conf\u00e9rences Big-10 et Pac-12 dans la NCAA ont annonc\u00e9 l\u2019annulation de leur saison 2020<\/a>. Au total, plus de 40 \u00e9quipes universitaires am\u00e9ricaines ont tir\u00e9 un trait sur la saison actuelle\u2026 c\u2019est gigantesque.<\/p>\n<p>C\u2019est sans parler de la Ligue canadienne de football qui a d\u00fb annuler ses activit\u00e9s 2020 au grand malheur des partisans des Alouettes.<\/p>\n<p>Au Qu\u00e9bec, le gouvernement provincial avait d\u2019abord d\u00e9cr\u00e9t\u00e9 une suspension des programmes de sport-\u00e9tudes pour \u00e9viter que les \u00e9l\u00e8ves de diff\u00e9rentes classes puissent se c\u00f4toyer. Or, le premier ministre Fran\u00e7ois Legault a d\u00fb reculer et opter pour une autre approche en raison du toll\u00e9 suscit\u00e9 par ces s\u00e9v\u00e8res mesures. Si tout va bien, <a href=\"https:\/\/www.journaldequebec.com\/2020\/08\/28\/en-directreport-du-sport-a-lecole-melee-de-presse-de-francois-legault\">les jeunes qu\u00e9b\u00e9cois pourront reprendre leurs programmes de sport \u00e0 compter du 14 septembre<\/a>.<\/p>\n<p>De toute fa\u00e7on, le mal \u00e9tait d\u00e9j\u00e0 fait pour plusieurs sportifs. L\u2019auteur de ses lignes a d\u00fb remiser ses crampons presque tout l\u2019\u00e9t\u00e9 pour les remplacer par des randonn\u00e9es, de la course et de nouvelles exp\u00e9riences sporadiques.<\/p>\n<p>Incidemment, ceux qui ne vivent que d\u2019adr\u00e9naline et d\u2019eau fra\u00eeche ont d\u00fb se tourner vers de nouvelles activit\u00e9s physique pour \u00e9tancher leur soif d\u2019action.<br \/>\nC\u2019est ainsi que plusieurs sports individuels et de plein air ont fait une mont\u00e9e en puissance au cours des derniers mois.<\/p>\n<h2><strong>Skateboard<\/strong><\/h2>\n<p>Il suffit d\u2019aller vous balader pr\u00e8s d\u2019un skatepark pour r\u00e9aliser que le sport rena\u00eet de ses cendres. Le skateboard n\u2019\u00e9tait pas mort, mais sa popularit\u00e9 n\u2019\u00e9tait certainement pas en croissance. Or, au cours des derniers mois, le skate effectue un retour en force.<\/p>\n<p>D\u2019ailleurs, Yann Fily-Par\u00e9, pr\u00e9sident de l\u2019Association de Skateboard de Montr\u00e9al, nous expliquait r\u00e9cemment<a href=\"https:\/\/jackalope.tribu.co\/fr\/les-5-cinq-raisons-du-retour-en-force-au-skate-en-2020\/\"> les raisons derri\u00e8re cette mont\u00e9e.<\/a><\/p>\n<h2>SUP et surf<\/h2>\n<p>Le skateboard n\u2019est pas le seul sport de planche \u00e0 avoir b\u00e9n\u00e9fici\u00e9 des conditions actuelles. Parlez-en \u00e0 Hugo Lavictoire, propri\u00e9taire de KSF, entreprise sp\u00e9cialis\u00e9e dans la location et les cours de SUP, kayak et surf. L\u2019\u00e9t\u00e9 s\u2019est point\u00e9 le bout du nez en m\u00eame temps que le d\u00e9confinement progressif. Une temp\u00eate parfaite pour son entreprise situ\u00e9e sur le boulevard Lasalle dans le Sud-ouest de Montr\u00e9al.<\/p>\n<p><em>\u00ab \u00c7a a pouss\u00e9 les gens \u00e0 aller dehors parce qu\u2019apr\u00e8s le confinement, ils avaient absolument besoin de sortir, tout en gardant leurs distances, affirme-t-il. Le paddle board, c\u2019\u00e9tait parfait pour \u00e7a! \u00bb<\/em><\/p>\n<p>https:\/\/www.instagram.com\/p\/B8wL3HcAIW2\/<\/p>\n<p>&nbsp;<\/p>\n<p><em>\u00ab J\u2019ai vu une augmentation parce qu\u2019il faisait tr\u00e8s tr\u00e8s beau\u2026 sp\u00e9cialement dans mes locations. S\u2019il n\u2019y avait pas eu la COVID, est-ce que \u00e7a aurait \u00e9t\u00e9 la m\u00eame chose? Difficile \u00e0 dire. Pour les cours de paddle board, j\u2019ai eu sensiblement le m\u00eame nombre de gens que l\u2019an pass\u00e9, mais avant on prenait huit personnes par cours et maintenant on en prend six en raison des mesures\u2026 alors oui, forc\u00e9ment, \u00e7a a augment\u00e9. \u00bb<\/em><\/p>\n<p>Non seulement les gens avaient-il besoin de sortir, ils \u00e9taient aussi limit\u00e9s dans leurs d\u00e9placements. Et ils avaient, pour la plupart, un meilleur budget.<\/p>\n<p><em>\u00ab Comme les gens ne pouvaient pas aller en voyage, les gens ont d\u00e9cid\u00e9 de faire des activit\u00e9s ici chez eux et on a vu beaucoup de monde de Montr\u00e9al. La croissance s\u2019est accentu\u00e9e cette ann\u00e9e parce que il y avait plus de gens qui avaient un budget pour s\u2019acheter une planche. Le budget vacances des gens est pass\u00e9 dans l\u2019achat de mat\u00e9riel alors on a vraiment vu une augmentation. \u00bb<\/em><\/p>\n<p><em>\u00ab En plus, y\u2019a pas mal de jeunes qui ont pas une cenne d\u2019habitude qui ont pu s\u2019acheter une planche de SUP cette ann\u00e9e! \u00bb. <\/em>Mais l\u2019ann\u00e9e 2020 est sur le point de se conclure pour KSF, puisque les cours et la location se terminent \u00e0 la fin du mois de septembre. Avez-vous d\u00e9j\u00e0 march\u00e9 sur l\u2019eau (sur un SUP)? C\u2019est l\u2019occasion de tenter l\u2019exp\u00e9rience avant qu\u2019il ne fasse trop froid.<\/p>\n<h2><strong>V\u00e9lo de montagne<\/strong><\/h2>\n<p>Le v\u00e9lo \u00e9tait d\u00e9j\u00e0 extr\u00eamement populaire avant l\u2019arriv\u00e9e de la pand\u00e9mie. L\u2019une des branches qui a cependant pris du gallon est celle du v\u00e9lo de montagne qui a \u00e9t\u00e9 particuli\u00e8rement populaire cet \u00e9t\u00e9.<\/p>\n<p>\u00c0 la Vall\u00e9e Bras-du-Nord, l\u2019achalandage a augment\u00e9 de fa\u00e7on consid\u00e9rable.<\/p>\n<p><em>\u00ab Dans tous les parcs, \u00e7a a augment\u00e9 consid\u00e9rablement, avoue Fr\u00e9d\u00e9ric Asselin, directeur g\u00e9n\u00e9ral de la VBN. Chez nous, on est \u00e0 peu pr\u00e8s \u00e0 75% d\u2019augmentation seulement au niveau du v\u00e9lo de montagne, alors c\u2019est assez concret. \u00bb<\/em><\/p>\n<p>https:\/\/www.instagram.com\/p\/CCGZ83eJMse\/<\/p>\n<p>Que ce soit \u00e0 la Vall\u00e9e Bras-du-Nord ou dans les autres montagnes du Qu\u00e9bec, la popularit\u00e9 du v\u00e9lo de montagne est \u00e0 son paroxysme. Et contrairement aux ann\u00e9es pr\u00e9c\u00e9dentes, tout le monde profite de ce que notre province a \u00e0 offrir.<\/p>\n<p><em>\u00ab Y\u2019a une mode, c\u2019est clair. On est carr\u00e9ment dedans. Si on ajoute \u00e0 \u00e7a les beaux week ends, le COVID et la fermeture des fronti\u00e8res\u2026 faut savoir qu\u2019il y a beaucoup de gens qui allaient faire du bike dans le Nord des \u00c9tats-Unis. On a vu beaucoup de femmes et de familles sur des v\u00e9los de montagne. Il y a des centres plus petits que les n\u00f4tres qui ont d\u00fb voir des augmentations de 200%! \u00bb<\/em><\/p>\n<h2>Canots et kayak<\/h2>\n<p>Si vous avez tent\u00e9 d\u2019aller sur un cours d\u2019eau cet \u00e9t\u00e9 pour vous rafra\u00eechir, vous avez probablement eu de la difficult\u00e9 \u00e0 trouver un endroit sans achalandage.<\/p>\n<p>La majorit\u00e9 des commerces de location de kayaks et de canots ont fait une petite fortune malgr\u00e9 les restrictions qu\u2019ils se sont eux-m\u00eames impos\u00e9s.<\/p>\n<p><em>\u00ab Grande, grande, grande demande, lance Fr\u00e9d\u00e9ric Asselin. On avait d\u00e9cid\u00e9 de ne pas offrir le service de navette (entre le d\u00e9part et l\u2019arriv\u00e9e) et on s\u2019attendait \u00e0 avoir une grande baisse, mais finalement pas du tout. Les gens cherchaient de l\u2019eau cet \u00e9t\u00e9, il faisait chaud. Oui, on est une destination de v\u00e9lo, mais on est aussi une destination de rivi\u00e8re et elle a vraiment pogn\u00e9 cet \u00e9t\u00e9. \u00bb<\/em><\/p>\n<p>https:\/\/www.instagram.com\/p\/CByASJapTSe\/<\/p>\n<p>M\u00eame son de cloche partout dans le r\u00e9seau de la S\u00c9PAQ. Non seulement les destinations plein air ont \u00e9t\u00e9 populaires au niveau de la location d\u2019\u00e9quipement, mais l\u2019achalandage a fait un bond remarquable en ce qui a trait au camping et aux randonn\u00e9es p\u00e9destres.<\/p>\n<p>Visiblement, la pand\u00e9mie aura permis \u00e0 un grand pan de la soci\u00e9t\u00e9 de reconnecter un peu avec la nature. Et si la tendance se maintient, les montagnes n\u2019ont qu\u2019\u00e0 bien se tenir\u2026 puisque les sports de glisse risquent d\u2019\u00eatre tr\u00e8s populaires cet hiver.<\/p>\n\n\t\t<\/div>\n\t<\/div>\n<\/section>","protected":false},"excerpt":{"rendered":"","protected":false},"author":11,"featured_media":5823,"comment_status":"open","ping_status":"open","sticky":false,"template":"","format":"standard","meta":{"_acf_changed":false,"content-type":"","footnotes":""},"categories":[91],"tags":[],"class_list":["post-5757","post","type-post","status-publish","format-standard","has-post-thumbnail","hentry","category-marketing"],"acf":[],"yoast_head":"<!-- This site is optimized with the Yoast SEO plugin v26.7 - https:\/\/yoast.com\/wordpress\/plugins\/seo\/ -->\n<title>\u00c9t\u00e9 2020- La mont\u00e9e en puissance des sports de plein air - Tribu Exp\u00e9rientiel<\/title>\n<meta name=\"description\" content=\"La pand\u00e9mie a boulevers\u00e9 les plans de jeunes sportifs et leurs parents. En fait, elle a boulevers\u00e9 les plans de tous ceux qui aiment bouger.\" \/>\n<meta name=\"robots\" content=\"index, follow, max-snippet:-1, max-image-preview:large, max-video-preview:-1\" \/>\n<link rel=\"canonical\" href=\"https:\/\/tribu.co\/fr\/ete-2020-la-montee-en-puissance-des-sports-de-plein-air\/\" \/>\n<meta property=\"og:locale\" content=\"fr_CA\" \/>\n<meta property=\"og:type\" content=\"article\" \/>\n<meta property=\"og:title\" content=\"\u00c9t\u00e9 2020- La mont\u00e9e en puissance des sports de plein air - Tribu Exp\u00e9rientiel\" \/>\n<meta property=\"og:description\" content=\"La pand\u00e9mie a boulevers\u00e9 les plans de jeunes sportifs et leurs parents. En fait, elle a boulevers\u00e9 les plans de tous ceux qui aiment bouger.\" \/>\n<meta property=\"og:url\" content=\"https:\/\/tribu.co\/fr\/ete-2020-la-montee-en-puissance-des-sports-de-plein-air\/\" \/>\n<meta property=\"og:site_name\" content=\"Tribu Exp\u00e9rientiel\" \/>\n<meta property=\"article:publisher\" content=\"https:\/\/www.facebook.com\/TribuExperientiel\/\" \/>\n<meta property=\"article:published_time\" content=\"2020-09-03T12:52:04+00:00\" \/>\n<meta property=\"article:modified_time\" content=\"2020-12-14T18:50:49+00:00\" \/>\n<meta property=\"og:image\" content=\"https:\/\/tribu.co\/app\/uploads\/2020\/09\/enduro5.png\" \/>\n\t<meta property=\"og:image:width\" content=\"1410\" \/>\n\t<meta property=\"og:image:height\" content=\"560\" \/>\n\t<meta property=\"og:image:type\" content=\"image\/png\" \/>\n<meta name=\"author\" content=\"nicolas\" \/>\n<meta name=\"twitter:card\" content=\"summary_large_image\" \/>\n<meta name=\"twitter:creator\" content=\"@tribu_exp\" \/>\n<meta name=\"twitter:site\" content=\"@tribu_exp\" \/>\n<meta name=\"twitter:label1\" content=\"Written by\" \/>\n\t<meta name=\"twitter:data1\" content=\"nicolas\" \/>\n<script type=\"application\/ld+json\" class=\"yoast-schema-graph\">{\"@context\":\"https:\/\/schema.org\",\"@graph\":[{\"@type\":\"Article\",\"@id\":\"https:\/\/tribu.co\/fr\/ete-2020-la-montee-en-puissance-des-sports-de-plein-air\/#article\",\"isPartOf\":{\"@id\":\"https:\/\/tribu.co\/fr\/ete-2020-la-montee-en-puissance-des-sports-de-plein-air\/\"},\"author\":{\"name\":\"nicolas\",\"@id\":\"https:\/\/tribu.co\/#\/schema\/person\/2bde6674aeeba16d8fc1734d42c4b9bd\"},\"headline\":\"\u00c9t\u00e9 2020- La mont\u00e9e en puissance des sports de plein air\",\"datePublished\":\"2020-09-03T12:52:04+00:00\",\"dateModified\":\"2020-12-14T18:50:49+00:00\",\"mainEntityOfPage\":{\"@id\":\"https:\/\/tribu.co\/fr\/ete-2020-la-montee-en-puissance-des-sports-de-plein-air\/\"},\"wordCount\":12,\"commentCount\":0,\"publisher\":{\"@id\":\"https:\/\/tribu.co\/#organization\"},\"image\":{\"@id\":\"https:\/\/tribu.co\/fr\/ete-2020-la-montee-en-puissance-des-sports-de-plein-air\/#primaryimage\"},\"thumbnailUrl\":\"https:\/\/tribu.co\/wp-content\/uploads\/2020\/09\/enduro5.png\",\"articleSection\":[\"Marketing\"],\"inLanguage\":\"fr-CA\"},{\"@type\":\"WebPage\",\"@id\":\"https:\/\/tribu.co\/fr\/ete-2020-la-montee-en-puissance-des-sports-de-plein-air\/\",\"url\":\"https:\/\/tribu.co\/fr\/ete-2020-la-montee-en-puissance-des-sports-de-plein-air\/\",\"name\":\"\u00c9t\u00e9 2020- La mont\u00e9e en puissance des sports de plein air - Tribu Exp\u00e9rientiel\",\"isPartOf\":{\"@id\":\"https:\/\/tribu.co\/#website\"},\"primaryImageOfPage\":{\"@id\":\"https:\/\/tribu.co\/fr\/ete-2020-la-montee-en-puissance-des-sports-de-plein-air\/#primaryimage\"},\"image\":{\"@id\":\"https:\/\/tribu.co\/fr\/ete-2020-la-montee-en-puissance-des-sports-de-plein-air\/#primaryimage\"},\"thumbnailUrl\":\"https:\/\/tribu.co\/wp-content\/uploads\/2020\/09\/enduro5.png\",\"datePublished\":\"2020-09-03T12:52:04+00:00\",\"dateModified\":\"2020-12-14T18:50:49+00:00\",\"description\":\"La pand\u00e9mie a boulevers\u00e9 les plans de jeunes sportifs et leurs parents. En fait, elle a boulevers\u00e9 les plans de tous ceux qui aiment bouger.\",\"breadcrumb\":{\"@id\":\"https:\/\/tribu.co\/fr\/ete-2020-la-montee-en-puissance-des-sports-de-plein-air\/#breadcrumb\"},\"inLanguage\":\"fr-CA\",\"potentialAction\":[{\"@type\":\"ReadAction\",\"target\":[\"https:\/\/tribu.co\/fr\/ete-2020-la-montee-en-puissance-des-sports-de-plein-air\/\"]}]},{\"@type\":\"ImageObject\",\"inLanguage\":\"fr-CA\",\"@id\":\"https:\/\/tribu.co\/fr\/ete-2020-la-montee-en-puissance-des-sports-de-plein-air\/#primaryimage\",\"url\":\"https:\/\/tribu.co\/wp-content\/uploads\/2020\/09\/enduro5.png\",\"contentUrl\":\"https:\/\/tribu.co\/wp-content\/uploads\/2020\/09\/enduro5.png\",\"width\":1410,\"height\":560,\"caption\":\"Velo Montagne Tribu\"},{\"@type\":\"BreadcrumbList\",\"@id\":\"https:\/\/tribu.co\/fr\/ete-2020-la-montee-en-puissance-des-sports-de-plein-air\/#breadcrumb\",\"itemListElement\":[{\"@type\":\"ListItem\",\"position\":1,\"name\":\"Home\",\"item\":\"https:\/\/tribu.co\/fr\/accueil\/\"},{\"@type\":\"ListItem\",\"position\":2,\"name\":\"\u00c9t\u00e9 2020- La mont\u00e9e en puissance des sports de plein air\"}]},{\"@type\":\"WebSite\",\"@id\":\"https:\/\/tribu.co\/#website\",\"url\":\"https:\/\/tribu.co\/\",\"name\":\"Tribu\",\"description\":\"Integrated experiences\",\"publisher\":{\"@id\":\"https:\/\/tribu.co\/#organization\"},\"potentialAction\":[{\"@type\":\"SearchAction\",\"target\":{\"@type\":\"EntryPoint\",\"urlTemplate\":\"https:\/\/tribu.co\/?s={search_term_string}\"},\"query-input\":{\"@type\":\"PropertyValueSpecification\",\"valueRequired\":true,\"valueName\":\"search_term_string\"}}],\"inLanguage\":\"fr-CA\"},{\"@type\":\"Organization\",\"@id\":\"https:\/\/tribu.co\/#organization\",\"name\":\"Tribu\",\"url\":\"https:\/\/tribu.co\/\",\"logo\":{\"@type\":\"ImageObject\",\"inLanguage\":\"fr-CA\",\"@id\":\"https:\/\/tribu.co\/#\/schema\/logo\/image\/\",\"url\":\"https:\/\/tribu.co\/app\/uploads\/2020\/03\/Tribu-Header.png\",\"contentUrl\":\"https:\/\/tribu.co\/app\/uploads\/2020\/03\/Tribu-Header.png\",\"width\":2500,\"height\":1398,\"caption\":\"Tribu\"},\"image\":{\"@id\":\"https:\/\/tribu.co\/#\/schema\/logo\/image\/\"},\"sameAs\":[\"https:\/\/www.facebook.com\/TribuExperientiel\/\",\"https:\/\/x.com\/tribu_exp\",\"https:\/\/www.instagram.com\/tribuexperientiel\/\",\"https:\/\/www.linkedin.com\/tribuexperientiel\/\"]},{\"@type\":\"Person\",\"@id\":\"https:\/\/tribu.co\/#\/schema\/person\/2bde6674aeeba16d8fc1734d42c4b9bd\",\"name\":\"nicolas\",\"image\":{\"@type\":\"ImageObject\",\"inLanguage\":\"fr-CA\",\"@id\":\"https:\/\/tribu.co\/#\/schema\/person\/image\/\",\"url\":\"https:\/\/secure.gravatar.com\/avatar\/2cc37a1c59eab2da10c8b5bc2c9d931bfa1d8bd965d2f687b78d87f3d200007a?s=96&d=mm&r=g\",\"contentUrl\":\"https:\/\/secure.gravatar.com\/avatar\/2cc37a1c59eab2da10c8b5bc2c9d931bfa1d8bd965d2f687b78d87f3d200007a?s=96&d=mm&r=g\",\"caption\":\"nicolas\"},\"url\":\"https:\/\/tribu.co\/fr\/author\/nicolas\/\"}]}<\/script>\n<!-- \/ Yoast SEO plugin. -->","yoast_head_json":{"title":"\u00c9t\u00e9 2020- La mont\u00e9e en puissance des sports de plein air - Tribu Exp\u00e9rientiel","description":"La pand\u00e9mie a boulevers\u00e9 les plans de jeunes sportifs et leurs parents. En fait, elle a boulevers\u00e9 les plans de tous ceux qui aiment bouger.","robots":{"index":"index","follow":"follow","max-snippet":"max-snippet:-1","max-image-preview":"max-image-preview:large","max-video-preview":"max-video-preview:-1"},"canonical":"https:\/\/tribu.co\/fr\/ete-2020-la-montee-en-puissance-des-sports-de-plein-air\/","og_locale":"fr_CA","og_type":"article","og_title":"\u00c9t\u00e9 2020- La mont\u00e9e en puissance des sports de plein air - Tribu Exp\u00e9rientiel","og_description":"La pand\u00e9mie a boulevers\u00e9 les plans de jeunes sportifs et leurs parents. En fait, elle a boulevers\u00e9 les plans de tous ceux qui aiment bouger.","og_url":"https:\/\/tribu.co\/fr\/ete-2020-la-montee-en-puissance-des-sports-de-plein-air\/","og_site_name":"Tribu Exp\u00e9rientiel","article_publisher":"https:\/\/www.facebook.com\/TribuExperientiel\/","article_published_time":"2020-09-03T12:52:04+00:00","article_modified_time":"2020-12-14T18:50:49+00:00","og_image":[{"width":1410,"height":560,"url":"https:\/\/tribu.co\/app\/uploads\/2020\/09\/enduro5.png","type":"image\/png"}],"author":"nicolas","twitter_card":"summary_large_image","twitter_creator":"@tribu_exp","twitter_site":"@tribu_exp","twitter_misc":{"Written by":"nicolas"},"schema":{"@context":"https:\/\/schema.org","@graph":[{"@type":"Article","@id":"https:\/\/tribu.co\/fr\/ete-2020-la-montee-en-puissance-des-sports-de-plein-air\/#article","isPartOf":{"@id":"https:\/\/tribu.co\/fr\/ete-2020-la-montee-en-puissance-des-sports-de-plein-air\/"},"author":{"name":"nicolas","@id":"https:\/\/tribu.co\/#\/schema\/person\/2bde6674aeeba16d8fc1734d42c4b9bd"},"headline":"\u00c9t\u00e9 2020- La mont\u00e9e en puissance des sports de plein air","datePublished":"2020-09-03T12:52:04+00:00","dateModified":"2020-12-14T18:50:49+00:00","mainEntityOfPage":{"@id":"https:\/\/tribu.co\/fr\/ete-2020-la-montee-en-puissance-des-sports-de-plein-air\/"},"wordCount":12,"commentCount":0,"publisher":{"@id":"https:\/\/tribu.co\/#organization"},"image":{"@id":"https:\/\/tribu.co\/fr\/ete-2020-la-montee-en-puissance-des-sports-de-plein-air\/#primaryimage"},"thumbnailUrl":"https:\/\/tribu.co\/wp-content\/uploads\/2020\/09\/enduro5.png","articleSection":["Marketing"],"inLanguage":"fr-CA"},{"@type":"WebPage","@id":"https:\/\/tribu.co\/fr\/ete-2020-la-montee-en-puissance-des-sports-de-plein-air\/","url":"https:\/\/tribu.co\/fr\/ete-2020-la-montee-en-puissance-des-sports-de-plein-air\/","name":"\u00c9t\u00e9 2020- La mont\u00e9e en puissance des sports de plein air - Tribu Exp\u00e9rientiel","isPartOf":{"@id":"https:\/\/tribu.co\/#website"},"primaryImageOfPage":{"@id":"https:\/\/tribu.co\/fr\/ete-2020-la-montee-en-puissance-des-sports-de-plein-air\/#primaryimage"},"image":{"@id":"https:\/\/tribu.co\/fr\/ete-2020-la-montee-en-puissance-des-sports-de-plein-air\/#primaryimage"},"thumbnailUrl":"https:\/\/tribu.co\/wp-content\/uploads\/2020\/09\/enduro5.png","datePublished":"2020-09-03T12:52:04+00:00","dateModified":"2020-12-14T18:50:49+00:00","description":"La pand\u00e9mie a boulevers\u00e9 les plans de jeunes sportifs et leurs parents. En fait, elle a boulevers\u00e9 les plans de tous ceux qui aiment bouger.","breadcrumb":{"@id":"https:\/\/tribu.co\/fr\/ete-2020-la-montee-en-puissance-des-sports-de-plein-air\/#breadcrumb"},"inLanguage":"fr-CA","potentialAction":[{"@type":"ReadAction","target":["https:\/\/tribu.co\/fr\/ete-2020-la-montee-en-puissance-des-sports-de-plein-air\/"]}]},{"@type":"ImageObject","inLanguage":"fr-CA","@id":"https:\/\/tribu.co\/fr\/ete-2020-la-montee-en-puissance-des-sports-de-plein-air\/#primaryimage","url":"https:\/\/tribu.co\/wp-content\/uploads\/2020\/09\/enduro5.png","contentUrl":"https:\/\/tribu.co\/wp-content\/uploads\/2020\/09\/enduro5.png","width":1410,"height":560,"caption":"Velo Montagne Tribu"},{"@type":"BreadcrumbList","@id":"https:\/\/tribu.co\/fr\/ete-2020-la-montee-en-puissance-des-sports-de-plein-air\/#breadcrumb","itemListElement":[{"@type":"ListItem","position":1,"name":"Home","item":"https:\/\/tribu.co\/fr\/accueil\/"},{"@type":"ListItem","position":2,"name":"\u00c9t\u00e9 2020- La mont\u00e9e en puissance des sports de plein air"}]},{"@type":"WebSite","@id":"https:\/\/tribu.co\/#website","url":"https:\/\/tribu.co\/","name":"Tribu","description":"Integrated experiences","publisher":{"@id":"https:\/\/tribu.co\/#organization"},"potentialAction":[{"@type":"SearchAction","target":{"@type":"EntryPoint","urlTemplate":"https:\/\/tribu.co\/?s={search_term_string}"},"query-input":{"@type":"PropertyValueSpecification","valueRequired":true,"valueName":"search_term_string"}}],"inLanguage":"fr-CA"},{"@type":"Organization","@id":"https:\/\/tribu.co\/#organization","name":"Tribu","url":"https:\/\/tribu.co\/","logo":{"@type":"ImageObject","inLanguage":"fr-CA","@id":"https:\/\/tribu.co\/#\/schema\/logo\/image\/","url":"https:\/\/tribu.co\/app\/uploads\/2020\/03\/Tribu-Header.png","contentUrl":"https:\/\/tribu.co\/app\/uploads\/2020\/03\/Tribu-Header.png","width":2500,"height":1398,"caption":"Tribu"},"image":{"@id":"https:\/\/tribu.co\/#\/schema\/logo\/image\/"},"sameAs":["https:\/\/www.facebook.com\/TribuExperientiel\/","https:\/\/x.com\/tribu_exp","https:\/\/www.instagram.com\/tribuexperientiel\/","https:\/\/www.linkedin.com\/tribuexperientiel\/"]},{"@type":"Person","@id":"https:\/\/tribu.co\/#\/schema\/person\/2bde6674aeeba16d8fc1734d42c4b9bd","name":"nicolas","image":{"@type":"ImageObject","inLanguage":"fr-CA","@id":"https:\/\/tribu.co\/#\/schema\/person\/image\/","url":"https:\/\/secure.gravatar.com\/avatar\/2cc37a1c59eab2da10c8b5bc2c9d931bfa1d8bd965d2f687b78d87f3d200007a?s=96&d=mm&r=g","contentUrl":"https:\/\/secure.gravatar.com\/avatar\/2cc37a1c59eab2da10c8b5bc2c9d931bfa1d8bd965d2f687b78d87f3d200007a?s=96&d=mm&r=g","caption":"nicolas"},"url":"https:\/\/tribu.co\/fr\/author\/nicolas\/"}]}},"_links":{"self":[{"href":"https:\/\/tribu.co\/fr\/wp-json\/wp\/v2\/posts\/5757","targetHints":{"allow":["GET"]}}],"collection":[{"href":"https:\/\/tribu.co\/fr\/wp-json\/wp\/v2\/posts"}],"about":[{"href":"https:\/\/tribu.co\/fr\/wp-json\/wp\/v2\/types\/post"}],"author":[{"embeddable":true,"href":"https:\/\/tribu.co\/fr\/wp-json\/wp\/v2\/users\/11"}],"replies":[{"embeddable":true,"href":"https:\/\/tribu.co\/fr\/wp-json\/wp\/v2\/comments?post=5757"}],"version-history":[{"count":0,"href":"https:\/\/tribu.co\/fr\/wp-json\/wp\/v2\/posts\/5757\/revisions"}],"wp:featuredmedia":[{"embeddable":true,"href":"https:\/\/tribu.co\/fr\/wp-json\/wp\/v2\/media\/5823"}],"wp:attachment":[{"href":"https:\/\/tribu.co\/fr\/wp-json\/wp\/v2\/media?parent=5757"}],"wp:term":[{"taxonomy":"category","embeddable":true,"href":"https:\/\/tribu.co\/fr\/wp-json\/wp\/v2\/categories?post=5757"},{"taxonomy":"post_tag","embeddable":true,"href":"https:\/\/tribu.co\/fr\/wp-json\/wp\/v2\/tags?post=5757"}],"curies":[{"name":"wp","href":"https:\/\/api.w.org\/{rel}","templated":true}]}}